{"id":2486,"date":"2019-02-27T08:37:34","date_gmt":"2019-02-27T07:37:34","guid":{"rendered":"http:\/\/turodeguiera.cat\/bloc\/?p=2486"},"modified":"2019-09-11T06:45:11","modified_gmt":"2019-09-11T05:45:11","slug":"portes-obertes-2019","status":"publish","type":"post","link":"http:\/\/turodeguiera.cat\/bloc\/portes-obertes-2019\/","title":{"rendered":"Portes Obertes 2019"},"content":{"rendered":"<table class=\" aligncenter\" style=\"width: 625px;\">\n<tbody>\n<tr>\n<td style=\"width: 625px;\"><img loading=\"lazy\" class=\"alignnone wp-image-2490 size-full\" src=\"http:\/\/turodeguiera.cat\/bloc\/wp-content\/uploads\/2019\/02\/BannerPortesObertes2019.png\" alt=\"\" width=\"625\" height=\"250\" srcset=\"http:\/\/turodeguiera.cat\/bloc\/wp-content\/uploads\/2019\/02\/BannerPortesObertes2019.png 625w, http:\/\/turodeguiera.cat\/bloc\/wp-content\/uploads\/2019\/02\/BannerPortesObertes2019-300x120.png 300w\" sizes=\"(max-width: 625px) 100vw, 625px\" \/><\/td>\n<\/tr>\n<tr>\n<td>Totes aquelles fam\u00edlies que vulguin con\u00e8ixer la nostra escola podreu visitar-la i rebre informaci\u00f3 del nostre centre a les jornades de portes obertes.<\/td>\n<\/tr>\n<tr>\n<td>\n<h2 style=\"text-align: center;\"><span style=\"color: #800080;\">Dissabte 16 de mar\u00e7 de 2019 a les 10:00<\/span><\/h2>\n<\/td>\n<\/tr>\n<tr>\n<td>\n<h2 style=\"text-align: center;\"><span style=\"color: #800080;\">Dimecres 20 de mar\u00e7 de 2019 a les 15:15<\/span><\/h2>\n<\/td>\n<\/tr>\n<\/tbody>\n<\/table>\n<p>&nbsp;<\/p>\n","protected":false},"excerpt":{"rendered":"<p>Totes aquelles fam\u00edlies que vulguin con\u00e8ixer la nostra escola podreu visitar-la i rebre informaci\u00f3 del nostre centre a les jornades de portes obertes. Dissabte 16 de mar\u00e7 de 2019 a les 10:00 Dimecres 20 de mar\u00e7 de 2019 a les 15:15 &nbsp;<\/p>\n","protected":false},"author":1,"featured_media":0,"comment_status":"closed","ping_status":"open","sticky":false,"template":"","format":"standard","meta":{"ngg_post_thumbnail":0},"categories":[47,10,4,36],"tags":[],"_links":{"self":[{"href":"http:\/\/turodeguiera.cat\/bloc\/wp-json\/wp\/v2\/posts\/2486"}],"collection":[{"href":"http:\/\/turodeguiera.cat\/bloc\/wp-json\/wp\/v2\/posts"}],"about":[{"href":"http:\/\/turodeguiera.cat\/bloc\/wp-json\/wp\/v2\/types\/post"}],"author":[{"embeddable":true,"href":"http:\/\/turodeguiera.cat\/bloc\/wp-json\/wp\/v2\/users\/1"}],"replies":[{"embeddable":true,"href":"http:\/\/turodeguiera.cat\/bloc\/wp-json\/wp\/v2\/comments?post=2486"}],"version-history":[{"count":4,"href":"http:\/\/turodeguiera.cat\/bloc\/wp-json\/wp\/v2\/posts\/2486\/revisions"}],"predecessor-version":[{"id":2492,"href":"http:\/\/turodeguiera.cat\/bloc\/wp-json\/wp\/v2\/posts\/2486\/revisions\/2492"}],"wp:attachment":[{"href":"http:\/\/turodeguiera.cat\/bloc\/wp-json\/wp\/v2\/media?parent=2486"}],"wp:term":[{"taxonomy":"category","embeddable":true,"href":"http:\/\/turodeguiera.cat\/bloc\/wp-json\/wp\/v2\/categories?post=2486"},{"taxonomy":"post_tag","embeddable":true,"href":"http:\/\/turodeguiera.cat\/bloc\/wp-json\/wp\/v2\/tags?post=2486"}],"curies":[{"name":"wp","href":"https:\/\/api.w.org\/{rel}","templated":true}]}}