{"id":2866,"date":"2020-03-14T15:36:44","date_gmt":"2020-03-14T14:36:44","guid":{"rendered":"http:\/\/turodeguiera.cat\/bloc\/?p=2866"},"modified":"2020-03-17T18:42:46","modified_gmt":"2020-03-17T17:42:46","slug":"covid-19","status":"publish","type":"post","link":"http:\/\/turodeguiera.cat\/bloc\/covid-19\/","title":{"rendered":"COVID-19"},"content":{"rendered":"<table class=\"aligncenter\" style=\"width: 810px; border-collapse: collapse;\" border=\"0\">\n<tbody>\n<tr>\n<td style=\"width: 810px;\"><img loading=\"lazy\" class=\"aligncenter wp-image-2867 size-full\" src=\"http:\/\/turodeguiera.cat\/bloc\/wp-content\/uploads\/2020\/03\/Coronavirus-SARS-CoV-2-capcelera.png\" alt=\"\" width=\"797\" height=\"156\" srcset=\"http:\/\/turodeguiera.cat\/bloc\/wp-content\/uploads\/2020\/03\/Coronavirus-SARS-CoV-2-capcelera.png 797w, http:\/\/turodeguiera.cat\/bloc\/wp-content\/uploads\/2020\/03\/Coronavirus-SARS-CoV-2-capcelera-300x59.png 300w, http:\/\/turodeguiera.cat\/bloc\/wp-content\/uploads\/2020\/03\/Coronavirus-SARS-CoV-2-capcelera-768x150.png 768w\" sizes=\"(max-width: 797px) 100vw, 797px\" \/><\/td>\n<\/tr>\n<tr>\n<td style=\"width: 810px;\">Aquesta p\u00e0gina de servei, vol apropar-te la informaci\u00f3 que tenim sobre el CORONAVIRUS de que disposem.<\/td>\n<\/tr>\n<tr>\n<td style=\"width: 810px;\">&nbsp;<\/td>\n<\/tr>\n<tr>\n<td style=\"width: 810px;\">\n<h3><a href=\"http:\/\/ensenyament.gencat.cat\/ca\/inici\/nota-premsa\/?id=383825\" target=\"_blank\" rel=\"noopener noreferrer\"><span style=\"color: #000080;\">Comunicat del Departament d&#8217;Educaci\u00f3 en relaci\u00f3 al Coronavirus<\/span><\/a> (11\/03\/2020)<\/h3>\n<\/td>\n<\/tr>\n<tr>\n<td style=\"width: 810px;\">&nbsp;<\/td>\n<\/tr>\n<tr>\n<td style=\"width: 810px;\">\n<h3><span style=\"color: #000080;\">P\u00e0gina de refer\u00e8ncia i principal canal per la nostra informaci\u00f3<\/span><\/h3>\n<\/td>\n<\/tr>\n<tr>\n<td style=\"width: 810px;\">Al voltant d&#8217;aquesta malaltia hi ha molta informaci\u00f3 contradict\u00f2ria. Per aix\u00f2 la p\u00e0gina de <a href=\"http:\/\/canalsalut.gencat.cat\/ca\/salut-a-z\/c\/coronavirus-2019-ncov\/\" target=\"_blank\" rel=\"noopener noreferrer\">Canal Salut<\/a> ha de ser el nostre referent at\u00e8s que la informaci\u00f3 que s&#8217;hi publica est\u00e0 contrastada i \u00e9s el canal que fan servir les autoritats sanit\u00e0ries.<\/td>\n<\/tr>\n<tr>\n<td style=\"width: 810px;\"><a href=\"http:\/\/canalsalut.gencat.cat\/ca\/salut-a-z\/c\/coronavirus-2019-ncov\/\" target=\"_blank\" rel=\"noopener noreferrer\"><img loading=\"lazy\" class=\"aligncenter size-medium wp-image-2868\" src=\"http:\/\/turodeguiera.cat\/bloc\/wp-content\/uploads\/2020\/03\/canalsalut-300x290.png\" alt=\"\" width=\"300\" height=\"290\" srcset=\"http:\/\/turodeguiera.cat\/bloc\/wp-content\/uploads\/2020\/03\/canalsalut-300x290.png 300w, http:\/\/turodeguiera.cat\/bloc\/wp-content\/uploads\/2020\/03\/canalsalut.png 708w\" sizes=\"(max-width: 300px) 100vw, 300px\" \/><\/a><\/td>\n<\/tr>\n<tr>\n<td style=\"width: 810px;\">\n<h3><span style=\"color: #000080;\">Per saber alguna cosa m\u00e9s<\/span><\/h3>\n<\/td>\n<\/tr>\n<tr>\n<td style=\"width: 810px;\">\n<table style=\"width: 100%; border-collapse: collapse;\" border=\"0\">\n<tbody>\n<tr>\n<td style=\"width: 50%;\"><strong><span style=\"color: #ff0000;\">Que \u00e9s el Coronavirus?<\/span><br \/>\n<\/strong>Programa de TV3, INFOK, pensat per a informar als infants i joves sobre el Coronavirus<\/td>\n<td style=\"width: 50%;\"><a href=\"https:\/\/www.ccma.cat\/tv3\/super3\/que-es-el-coronavirus\/noticia\/2989828\/\" target=\"_blank\" rel=\"noopener noreferrer\"><img loading=\"lazy\" class=\"aligncenter wp-image-2900\" src=\"http:\/\/turodeguiera.cat\/bloc\/wp-content\/uploads\/2020\/03\/infok-300x155.png\" alt=\"\" width=\"399\" height=\"206\" srcset=\"http:\/\/turodeguiera.cat\/bloc\/wp-content\/uploads\/2020\/03\/infok-300x155.png 300w, http:\/\/turodeguiera.cat\/bloc\/wp-content\/uploads\/2020\/03\/infok-960x495.png 960w, http:\/\/turodeguiera.cat\/bloc\/wp-content\/uploads\/2020\/03\/infok-768x396.png 768w, http:\/\/turodeguiera.cat\/bloc\/wp-content\/uploads\/2020\/03\/infok.png 1008w\" sizes=\"(max-width: 399px) 100vw, 399px\" \/><\/a><\/td>\n<\/tr>\n<\/tbody>\n<\/table>\n<h3><span style=\"color: #000080;\">&nbsp;<\/span><\/h3>\n<\/td>\n<\/tr>\n<tr>\n<td style=\"width: 810px;\">\n<table style=\"width: 100%; border-collapse: collapse;\" border=\"0\">\n<tbody>\n<tr>\n<td style=\"width: 50%;\"><strong><span style=\"color: #ff0000;\">El nou Coronavirus. Volem saber<\/span><br \/>\n<\/strong>Programa em\u00e8s per TV3, el 10 de mar\u00e7 de 2020, amb la col\u00b7laboraci\u00f3 del Dr. Antonio Illa, cap de Medecina Preventiva de l&#8217;Hospital Clinic; Joan Guix, secretari de Salut P\u00fablica de la Generalitat de Catalunya; Pere Vidal , advocat expert en Dret Laboral i professor de la UOC, i Anna Romeu, presidenta de la Secci\u00f3 de Psicologia d&#8217;Emerg\u00e8ncies del Col\u00b7legi de Psicolegs.<\/td>\n<td style=\"width: 50%;\"><a href=\"https:\/\/www.ccma.cat\/tv3\/alacarta\/programa\/especial-coronavirus-10032020\/video\/6034548\/\" target=\"_blank\" rel=\"noopener noreferrer\"><img loading=\"lazy\" class=\"aligncenter wp-image-2872\" src=\"http:\/\/turodeguiera.cat\/bloc\/wp-content\/uploads\/2020\/03\/tv3.png\" alt=\"\" width=\"400\" height=\"225\" srcset=\"http:\/\/turodeguiera.cat\/bloc\/wp-content\/uploads\/2020\/03\/tv3.png 656w, http:\/\/turodeguiera.cat\/bloc\/wp-content\/uploads\/2020\/03\/tv3-300x169.png 300w\" sizes=\"(max-width: 400px) 100vw, 400px\" \/><\/a><\/td>\n<\/tr>\n<\/tbody>\n<\/table>\n<\/td>\n<\/tr>\n<tr>\n<td style=\"width: 810px;\">\n<table style=\"width: 100%; border-collapse: collapse;\" border=\"0\">\n<tbody>\n<tr>\n<td style=\"width: 20%;\" colspan=\"5\"><strong>Infografies sobre el Coronavirus<\/strong><\/td>\n<\/tr>\n<tr>\n<td style=\"width: 20%;\"><a href=\"http:\/\/turodeguiera.cat\/bloc\/wp-content\/uploads\/2020\/03\/cartell-ciutadania-que-es-coronavirus-A4.pdf\" target=\"_blank\" rel=\"noopener noreferrer\"><img loading=\"lazy\" class=\"aligncenter wp-image-2877\" src=\"http:\/\/turodeguiera.cat\/bloc\/wp-content\/uploads\/2020\/03\/Info_cov2-212x300.png\" alt=\"\" width=\"157\" height=\"222\" srcset=\"http:\/\/turodeguiera.cat\/bloc\/wp-content\/uploads\/2020\/03\/Info_cov2-212x300.png 212w, http:\/\/turodeguiera.cat\/bloc\/wp-content\/uploads\/2020\/03\/Info_cov2.png 639w\" sizes=\"(max-width: 157px) 100vw, 157px\" \/><\/a><\/td>\n<td style=\"width: 20%;\"><a href=\"http:\/\/turodeguiera.cat\/bloc\/wp-content\/uploads\/2020\/03\/cartell-ciutadania-esvaim-inquietuds.pdf\" target=\"_blank\" rel=\"noopener noreferrer\"><img loading=\"lazy\" class=\"aligncenter wp-image-2878\" src=\"http:\/\/turodeguiera.cat\/bloc\/wp-content\/uploads\/2020\/03\/Info_Inquietuds-212x300.png\" alt=\"\" width=\"157\" height=\"222\" srcset=\"http:\/\/turodeguiera.cat\/bloc\/wp-content\/uploads\/2020\/03\/Info_Inquietuds-212x300.png 212w, http:\/\/turodeguiera.cat\/bloc\/wp-content\/uploads\/2020\/03\/Info_Inquietuds.png 639w\" sizes=\"(max-width: 157px) 100vw, 157px\" \/><\/a><\/td>\n<td style=\"width: 20%;\"><a href=\"http:\/\/turodeguiera.cat\/bloc\/wp-content\/uploads\/2020\/03\/cartell-ciutadania-puc-estar-afectat-coronavirus-A4.pdf\" target=\"_blank\" rel=\"noopener noreferrer\"><img loading=\"lazy\" class=\"aligncenter wp-image-2875\" src=\"http:\/\/turodeguiera.cat\/bloc\/wp-content\/uploads\/2020\/03\/Info_afectat-212x300.png\" alt=\"\" width=\"157\" height=\"222\" srcset=\"http:\/\/turodeguiera.cat\/bloc\/wp-content\/uploads\/2020\/03\/Info_afectat-212x300.png 212w, http:\/\/turodeguiera.cat\/bloc\/wp-content\/uploads\/2020\/03\/Info_afectat.png 639w\" sizes=\"(max-width: 157px) 100vw, 157px\" \/><\/a><\/td>\n<td style=\"width: 20%;\"><a href=\"http:\/\/turodeguiera.cat\/bloc\/wp-content\/uploads\/2020\/03\/cartell-ciutania-aillament-A4.pdf\" target=\"_blank\" rel=\"noopener noreferrer\"><img loading=\"lazy\" class=\"aligncenter wp-image-2890\" src=\"http:\/\/turodeguiera.cat\/bloc\/wp-content\/uploads\/2020\/03\/Infoaillament-212x300.png\" alt=\"\" width=\"157\" height=\"222\" srcset=\"http:\/\/turodeguiera.cat\/bloc\/wp-content\/uploads\/2020\/03\/Infoaillament-212x300.png 212w, http:\/\/turodeguiera.cat\/bloc\/wp-content\/uploads\/2020\/03\/Infoaillament.png 639w\" sizes=\"(max-width: 157px) 100vw, 157px\" \/><\/a><\/td>\n<td style=\"width: 20%;\"><a href=\"http:\/\/turodeguiera.cat\/bloc\/wp-content\/uploads\/2020\/03\/cartell-ciutadania-coronavirus-viatge-A4.pdf\" target=\"_blank\" rel=\"noopener noreferrer\"><img loading=\"lazy\" class=\"aligncenter wp-image-2879\" src=\"http:\/\/turodeguiera.cat\/bloc\/wp-content\/uploads\/2020\/03\/Info_viatge-212x300.png\" alt=\"\" width=\"157\" height=\"222\" srcset=\"http:\/\/turodeguiera.cat\/bloc\/wp-content\/uploads\/2020\/03\/Info_viatge-212x300.png 212w, http:\/\/turodeguiera.cat\/bloc\/wp-content\/uploads\/2020\/03\/Info_viatge.png 639w\" sizes=\"(max-width: 157px) 100vw, 157px\" \/><\/a><\/td>\n<\/tr>\n<\/tbody>\n<\/table>\n<\/td>\n<\/tr>\n<\/tbody>\n<\/table>\n<p>&nbsp;&nbsp;&nbsp;<\/p>\n","protected":false},"excerpt":{"rendered":"<p>Aquesta p\u00e0gina de servei, vol apropar-te la informaci\u00f3 que tenim sobre el CORONAVIRUS de que disposem. &nbsp; Comunicat del Departament d&#8217;Educaci\u00f3 en relaci\u00f3 al Coronavirus (11\/03\/2020) &nbsp; P\u00e0gina de refer\u00e8ncia i principal canal per la nostra informaci\u00f3 Al voltant d&#8217;aquesta malaltia hi ha molta informaci\u00f3 contradict\u00f2ria. Per aix\u00f2 la p\u00e0gina de Canal Salut ha de [&hellip;]<\/p>\n","protected":false},"author":1,"featured_media":2901,"comment_status":"closed","ping_status":"closed","sticky":false,"template":"","format":"standard","meta":{"ngg_post_thumbnail":0},"categories":[48,4],"tags":[],"_links":{"self":[{"href":"http:\/\/turodeguiera.cat\/bloc\/wp-json\/wp\/v2\/posts\/2866"}],"collection":[{"href":"http:\/\/turodeguiera.cat\/bloc\/wp-json\/wp\/v2\/posts"}],"about":[{"href":"http:\/\/turodeguiera.cat\/bloc\/wp-json\/wp\/v2\/types\/post"}],"author":[{"embeddable":true,"href":"http:\/\/turodeguiera.cat\/bloc\/wp-json\/wp\/v2\/users\/1"}],"replies":[{"embeddable":true,"href":"http:\/\/turodeguiera.cat\/bloc\/wp-json\/wp\/v2\/comments?post=2866"}],"version-history":[{"count":18,"href":"http:\/\/turodeguiera.cat\/bloc\/wp-json\/wp\/v2\/posts\/2866\/revisions"}],"predecessor-version":[{"id":2912,"href":"http:\/\/turodeguiera.cat\/bloc\/wp-json\/wp\/v2\/posts\/2866\/revisions\/2912"}],"wp:featuredmedia":[{"embeddable":true,"href":"http:\/\/turodeguiera.cat\/bloc\/wp-json\/wp\/v2\/media\/2901"}],"wp:attachment":[{"href":"http:\/\/turodeguiera.cat\/bloc\/wp-json\/wp\/v2\/media?parent=2866"}],"wp:term":[{"taxonomy":"category","embeddable":true,"href":"http:\/\/turodeguiera.cat\/bloc\/wp-json\/wp\/v2\/categories?post=2866"},{"taxonomy":"post_tag","embeddable":true,"href":"http:\/\/turodeguiera.cat\/bloc\/wp-json\/wp\/v2\/tags?post=2866"}],"curies":[{"name":"wp","href":"https:\/\/api.w.org\/{rel}","templated":true}]}}