{"id":2906,"date":"2020-03-12T16:20:56","date_gmt":"2020-03-12T15:20:56","guid":{"rendered":"http:\/\/turodeguiera.cat\/bloc\/?p=2906"},"modified":"2020-03-17T18:42:46","modified_gmt":"2020-03-17T17:42:46","slug":"tancament-de-lescola-per-coronavirus","status":"publish","type":"post","link":"http:\/\/turodeguiera.cat\/bloc\/tancament-de-lescola-per-coronavirus\/","title":{"rendered":"Tancament de l&#8217;escola per Coronavirus"},"content":{"rendered":"<table class=\"aligncenter\" style=\"width: 800px; border-collapse: collapse;\" border=\"0\">\n<tbody>\n<tr style=\"height: 155px;\">\n<td style=\"width: 800px; height: 155px;\"><img loading=\"lazy\" class=\"aligncenter size-full wp-image-2908\" src=\"http:\/\/turodeguiera.cat\/bloc\/wp-content\/uploads\/2020\/03\/Tancamentcov19.png\" alt=\"\" width=\"797\" height=\"156\" srcset=\"http:\/\/turodeguiera.cat\/bloc\/wp-content\/uploads\/2020\/03\/Tancamentcov19.png 797w, http:\/\/turodeguiera.cat\/bloc\/wp-content\/uploads\/2020\/03\/Tancamentcov19-300x59.png 300w, http:\/\/turodeguiera.cat\/bloc\/wp-content\/uploads\/2020\/03\/Tancamentcov19-768x150.png 768w\" sizes=\"(max-width: 797px) 100vw, 797px\" \/><\/td>\n<\/tr>\n<tr>\n<td style=\"width: 800px;\">\n<h4>Instrucci\u00f3 1\/2020, de 12 de mar\u00e7, sobre mesures preventives, de protecci\u00f3organitzatives d\u2019aplicaci\u00f3 als centres i serveis del Servei d\u2019Educaci\u00f3 de Catalunya amb motiu del coronavirus SARS-CoV-2<\/h4>\n<p><iframe src=\"\/\/docs.google.com\/viewer?url=http%3A%2F%2Fturodeguiera.cat%2Fbloc%2Fwp-content%2Fuploads%2F2020%2F03%2Flnstruccio1-2020COVID19.pdf&hl=ca&embedded=true\" class=\"gde-frame\" style=\"width:100%; height:550px; border: none;\" scrolling=\"no\"><\/iframe>\n<\/td>\n<\/tr>\n<tr style=\"height: 232px;\">\n<td style=\"width: 800px; height: 232px;\">\n<p>Us adjuntem l&#8217;escrit dels Serveis Territorials d&#8217;Ensenyament amb la instrucci\u00f3 de tancament de tots els centres educatius.<\/p>\n<p>Us preguem resteu atents al correu electr\u00f2nic i aquest mateix WEB, us anirem informant conforme disposem de not\u00edcies.<br \/>\nUs preguem que entengueu que les not\u00edcies sempre salten als mitjans de comunicaci\u00f3 abans de que ens avisin a les direccions i fins que queden aclarits tots els aspecte i tota la casu\u00edstica sempre triga una mica.<\/p>\n<p>Restem a la vostra disposici\u00f3 al correu de l&#8217;escola: ceipturodeguiera@xtec.cat<\/td>\n<\/tr>\n<tr style=\"height: 80px;\">\n<td style=\"width: 800px; height: 80px; text-align: center;\"><strong>L&#8217;escola romandr\u00e0 tancada, inicialment, del divendres 13 de mar\u00e7 al 27 de mar\u00e7, ambd\u00f3s inclosos.<\/strong><\/td>\n<\/tr>\n<tr style=\"height: 48px;\">\n<td style=\"width: 800px; height: 48px;\"><iframe src=\"\/\/docs.google.com\/viewer?url=http%3A%2F%2Fturodeguiera.cat%2Fbloc%2Fwp-content%2Fuploads%2F2020%2F03%2F20200312_Cartes_a_les_families.pdf&hl=ca&embedded=true\" class=\"gde-frame\" style=\"width:100%; height:550px; border: none;\" scrolling=\"no\"><\/iframe>\n<\/td>\n<\/tr>\n<\/tbody>\n<\/table>\n<p style=\"text-align: center;\">&nbsp;<\/p>\n","protected":false},"excerpt":{"rendered":"<p>Instrucci\u00f3 1\/2020, de 12 de mar\u00e7, sobre mesures preventives, de protecci\u00f3organitzatives d\u2019aplicaci\u00f3 als centres i serveis del Servei d\u2019Educaci\u00f3 de Catalunya amb motiu del coronavirus SARS-CoV-2 Us adjuntem l&#8217;escrit dels Serveis Territorials d&#8217;Ensenyament amb la instrucci\u00f3 de tancament de tots els centres educatius. Us preguem resteu atents al correu electr\u00f2nic i aquest mateix WEB, us [&hellip;]<\/p>\n","protected":false},"author":1,"featured_media":2901,"comment_status":"closed","ping_status":"closed","sticky":false,"template":"","format":"standard","meta":{"ngg_post_thumbnail":0},"categories":[48,33,4],"tags":[],"_links":{"self":[{"href":"http:\/\/turodeguiera.cat\/bloc\/wp-json\/wp\/v2\/posts\/2906"}],"collection":[{"href":"http:\/\/turodeguiera.cat\/bloc\/wp-json\/wp\/v2\/posts"}],"about":[{"href":"http:\/\/turodeguiera.cat\/bloc\/wp-json\/wp\/v2\/types\/post"}],"author":[{"embeddable":true,"href":"http:\/\/turodeguiera.cat\/bloc\/wp-json\/wp\/v2\/users\/1"}],"replies":[{"embeddable":true,"href":"http:\/\/turodeguiera.cat\/bloc\/wp-json\/wp\/v2\/comments?post=2906"}],"version-history":[{"count":4,"href":"http:\/\/turodeguiera.cat\/bloc\/wp-json\/wp\/v2\/posts\/2906\/revisions"}],"predecessor-version":[{"id":2969,"href":"http:\/\/turodeguiera.cat\/bloc\/wp-json\/wp\/v2\/posts\/2906\/revisions\/2969"}],"wp:featuredmedia":[{"embeddable":true,"href":"http:\/\/turodeguiera.cat\/bloc\/wp-json\/wp\/v2\/media\/2901"}],"wp:attachment":[{"href":"http:\/\/turodeguiera.cat\/bloc\/wp-json\/wp\/v2\/media?parent=2906"}],"wp:term":[{"taxonomy":"category","embeddable":true,"href":"http:\/\/turodeguiera.cat\/bloc\/wp-json\/wp\/v2\/categories?post=2906"},{"taxonomy":"post_tag","embeddable":true,"href":"http:\/\/turodeguiera.cat\/bloc\/wp-json\/wp\/v2\/tags?post=2906"}],"curies":[{"name":"wp","href":"https:\/\/api.w.org\/{rel}","templated":true}]}}