{"id":3001,"date":"2021-02-21T21:44:15","date_gmt":"2021-02-21T20:44:15","guid":{"rendered":"http:\/\/turodeguiera.cat\/bloc\/?p=3001"},"modified":"2021-02-22T00:59:45","modified_gmt":"2021-02-21T23:59:45","slug":"visita-la-nostra-escola","status":"publish","type":"post","link":"http:\/\/turodeguiera.cat\/bloc\/visita-la-nostra-escola\/","title":{"rendered":"Visita la nostra escola"},"content":{"rendered":"<table class=\" aligncenter\" style=\"width: 800px; border-collapse: collapse;\" border=\"0\">\n<tbody>\n<tr>\n<td style=\"width: 100%;\"><img loading=\"lazy\" class=\"aligncenter wp-image-3004 size-full\" src=\"http:\/\/turodeguiera.cat\/bloc\/wp-content\/uploads\/2020\/03\/Visita-escola-800x137-1.png\" alt=\"\" width=\"800\" height=\"137\" srcset=\"http:\/\/turodeguiera.cat\/bloc\/wp-content\/uploads\/2020\/03\/Visita-escola-800x137-1.png 800w, http:\/\/turodeguiera.cat\/bloc\/wp-content\/uploads\/2020\/03\/Visita-escola-800x137-1-300x51.png 300w, http:\/\/turodeguiera.cat\/bloc\/wp-content\/uploads\/2020\/03\/Visita-escola-800x137-1-768x132.png 768w\" sizes=\"(max-width: 800px) 100vw, 800px\" \/><\/td>\n<\/tr>\n<tr>\n<td style=\"width: 800px;\">&nbsp;<\/td>\n<\/tr>\n<tr>\n<td style=\"width: 800px;\">Us convidem a fer una visita a la nostra escola, per con\u00e8ixer els seus espais.<\/td>\n<\/tr>\n<tr>\n<td style=\"width: 800px;\">&nbsp;<\/td>\n<\/tr>\n<tr>\n<td style=\"width: 800px;\">\n<table class=\" aligncenter\" style=\"width: 600px; border-collapse: collapse;\" border=\"0\">\n<tbody>\n<tr>\n<td style=\"width: 300px; text-align: center;\" colspan=\"2\"><a class=\"fasc-button fasc-size-xlarge fasc-type-glossy fasc-rounded-medium fasc-ico-before dashicons-arrow-up-alt\" style=\"background-color: #991a66; color: #d1d6ff;\" href=\"http:\/\/turodeguiera.cat\/bloc\/visita-la-nostra-escola-educacio-infantil\/\">Comencem la Visita<\/a><\/td>\n<\/tr>\n<tr>\n<td style=\"width: 300px; text-align: center;\">&nbsp;<\/td>\n<td style=\"width: 50%;\">&nbsp;<\/td>\n<\/tr>\n<tr>\n<td style=\"width: 50%; text-align: center;\"><a class=\"fasc-button fasc-size-medium fasc-type-glossy fasc-rounded-medium fasc-ico-before dashicons-arrow-right-alt\" style=\"background-color: #247edd; color: #ffffff; width: 275px;\" href=\"http:\/\/turodeguiera.cat\/bloc\/visita-la-nostra-escola-educacio-infantil\/\">Anem a Educaci\u00f3 Infantil<\/a><\/td>\n<td style=\"width: 50%; text-align: center;\"><a class=\"fasc-button fasc-size-medium fasc-type-glossy fasc-rounded-medium fasc-ico-before dashicons-arrow-right-alt\" style=\"background-color: #0e6115; color: #ffffff; width: 275px;\" href=\"http:\/\/turodeguiera.cat\/bloc\/visita-la-nostra-escola-aules-dangles\/\">Anem a les Aules d&#8217;Angl\u00e8s<\/a><\/td>\n<\/tr>\n<tr>\n<td style=\"width: 50%; text-align: center;\"><a class=\"fasc-button fasc-size-medium fasc-type-glossy fasc-rounded-medium fasc-ico-before dashicons-arrow-right-alt\" style=\"background-color: #247edd; color: #ffffff; width: 275px;\" href=\"http:\/\/turodeguiera.cat\/bloc\/visita-la-nostra-escola-cicle-inicial\/\">Anem al Cicle Inicial<\/a><\/td>\n<td style=\"width: 50%; text-align: center;\"><a class=\"fasc-button fasc-size-medium fasc-type-glossy fasc-rounded-medium fasc-ico-before dashicons-arrow-right-alt\" style=\"background-color: #0e6115; color: #ffffff; width: 275px;\" href=\"http:\/\/turodeguiera.cat\/bloc\/visita-la-nostra-escola-informatica-i-biblioteca\/\">Anem a Inform\u00e0tica i la Biblioteca<\/a><\/td>\n<\/tr>\n<tr>\n<td style=\"width: 50%; text-align: center;\"><a class=\"fasc-button fasc-size-medium fasc-type-glossy fasc-rounded-medium fasc-ico-before dashicons-arrow-right-alt\" style=\"background-color: #247edd; color: #ffffff; width: 275px;\" href=\"http:\/\/turodeguiera.cat\/bloc\/visita-la-nostra-escola-cicle-mitja\/\">Anem al Cicle Mitj\u00e0<\/a><\/td>\n<td style=\"width: 50%; text-align: center;\"><a class=\"fasc-button fasc-size-medium fasc-type-glossy fasc-rounded-medium fasc-ico-before dashicons-arrow-right-alt\" style=\"background-color: #0e6115; color: #ffffff; width: 275px;\" href=\"http:\/\/turodeguiera.cat\/bloc\/visita-la-nostra-escola-musica_religio-i-gimnas\/\">Anem a M\u00fasica, Religi\u00f3 i el Gimn\u00e0s<\/a><\/td>\n<\/tr>\n<tr>\n<td style=\"width: 50%; text-align: center;\"><a class=\"fasc-button fasc-size-medium fasc-type-glossy fasc-rounded-medium fasc-ico-before dashicons-arrow-right-alt\" style=\"background-color: #247edd; color: #ffffff; width: 275px;\" href=\"http:\/\/turodeguiera.cat\/bloc\/visita-la-nostra-escola-cicle-superior\/\">Anem al Cicle Superior<\/a><\/td>\n<td style=\"width: 50%; text-align: center;\"><a class=\"fasc-button fasc-size-medium fasc-type-glossy fasc-rounded-medium fasc-ico-before dashicons-arrow-right-alt\" style=\"background-color: #0e6115; color: #ffffff; width: 275px;\" href=\"http:\/\/turodeguiera.cat\/bloc\/visita-la-nostra-escola-educacio-especial-i-siei\/\">Anem a Educaci\u00f3 Especial i la SIEI<\/a><\/td>\n<\/tr>\n<tr>\n<td style=\"width: 50%; text-align: center;\" colspan=\"2\"><a class=\"fasc-button fasc-size-medium fasc-type-glossy fasc-rounded-medium fasc-ico-before dashicons-arrow-right-alt\" style=\"background-color: #d16027; color: #ffffff; width: 275px;\" href=\"http:\/\/turodeguiera.cat\/bloc\/visita-la-nostra-escola-menjador\/\">Anem al Menjador<\/a><\/td>\n<\/tr>\n<tr>\n<td style=\"width: 50%; text-align: center;\"><a class=\"fasc-button fasc-size-medium fasc-type-glossy fasc-rounded-medium fasc-ico-before dashicons-arrow-right-alt\" style=\"background-color: #a324de; color: #ffffff; width: 275px;\" href=\"http:\/\/turodeguiera.cat\/bloc\/visita-la-nostra-escola-exteriors-patis-i-hort\/\">Anem als Exteriors, patis i a l&#8217;Hort<\/a><\/td>\n<td style=\"width: 50%; text-align: center;\"><a class=\"fasc-button fasc-size-medium fasc-type-glossy fasc-rounded-medium fasc-ico-before dashicons-arrow-right-alt\" style=\"background-color: #a324de; color: #ffffff; width: 275px;\" href=\"http:\/\/turodeguiera.cat\/bloc\/visita-la-nostra-escola-vestibul\/\">Anem al Vest\u00edbul<\/a><\/td>\n<\/tr>\n<\/tbody>\n<\/table>\n<\/td>\n<\/tr>\n<tr>\n<td style=\"width: 800px;\">&nbsp;<\/td>\n<\/tr>\n<\/tbody>\n<\/table>\n<p>&nbsp;<\/p>\n","protected":false},"excerpt":{"rendered":"<p>&nbsp; Us convidem a fer una visita a la nostra escola, per con\u00e8ixer els seus espais. &nbsp; Comencem la Visita &nbsp; &nbsp; Anem a Educaci\u00f3 Infantil Anem a les Aules d&#8217;Angl\u00e8s Anem al Cicle Inicial Anem a Inform\u00e0tica i la Biblioteca Anem al Cicle Mitj\u00e0 Anem a M\u00fasica, Religi\u00f3 i el Gimn\u00e0s Anem al Cicle [&hellip;]<\/p>\n","protected":false},"author":1,"featured_media":3003,"comment_status":"closed","ping_status":"closed","sticky":false,"template":"","format":"standard","meta":{"ngg_post_thumbnail":0},"categories":[52,10,7,33,4],"tags":[],"_links":{"self":[{"href":"http:\/\/turodeguiera.cat\/bloc\/wp-json\/wp\/v2\/posts\/3001"}],"collection":[{"href":"http:\/\/turodeguiera.cat\/bloc\/wp-json\/wp\/v2\/posts"}],"about":[{"href":"http:\/\/turodeguiera.cat\/bloc\/wp-json\/wp\/v2\/types\/post"}],"author":[{"embeddable":true,"href":"http:\/\/turodeguiera.cat\/bloc\/wp-json\/wp\/v2\/users\/1"}],"replies":[{"embeddable":true,"href":"http:\/\/turodeguiera.cat\/bloc\/wp-json\/wp\/v2\/comments?post=3001"}],"version-history":[{"count":26,"href":"http:\/\/turodeguiera.cat\/bloc\/wp-json\/wp\/v2\/posts\/3001\/revisions"}],"predecessor-version":[{"id":3333,"href":"http:\/\/turodeguiera.cat\/bloc\/wp-json\/wp\/v2\/posts\/3001\/revisions\/3333"}],"wp:featuredmedia":[{"embeddable":true,"href":"http:\/\/turodeguiera.cat\/bloc\/wp-json\/wp\/v2\/media\/3003"}],"wp:attachment":[{"href":"http:\/\/turodeguiera.cat\/bloc\/wp-json\/wp\/v2\/media?parent=3001"}],"wp:term":[{"taxonomy":"category","embeddable":true,"href":"http:\/\/turodeguiera.cat\/bloc\/wp-json\/wp\/v2\/categories?post=3001"},{"taxonomy":"post_tag","embeddable":true,"href":"http:\/\/turodeguiera.cat\/bloc\/wp-json\/wp\/v2\/tags?post=3001"}],"curies":[{"name":"wp","href":"https:\/\/api.w.org\/{rel}","templated":true}]}}