{"id":112,"date":"2019-01-14T14:38:57","date_gmt":"2019-01-14T12:38:57","guid":{"rendered":"http:\/\/turodeguiera.cat\/bloc5\/?p=112"},"modified":"2019-12-14T14:42:56","modified_gmt":"2019-12-14T12:42:56","slug":"paleolitic-i-neolitic","status":"publish","type":"post","link":"http:\/\/turodeguiera.cat\/bloc5\/paleolitic-i-neolitic\/","title":{"rendered":"Paleol\u00edtic i Neol\u00edtic"},"content":{"rendered":"<p><span style=\"color: #3366ff;\">Hem treballat el text expositiu a partir del tema de medi de la Prehist\u00f2ria. Hem fet&nbsp;resums i hem ent\u00e9s les caracter\u00edstiques pr\u00f2pies d\u2019un text expositiu. Aqu\u00ed teniu un exemple del treball que hem fet.<\/span><\/p>\n<h2><span style=\"color: #3366ff;\">EL NOSTRE DIORAMA: EL PALEOL\u00cdTIC<\/span><\/h2>\n<h3><span style=\"color: #3366ff;\">EL PALEOL\u00cdTIC<\/span><\/h3>\n<p><span style=\"color: #3366ff;\">El paleol\u00edtic va comen\u00e7ar fa uns 2,5 milions d\u2019anys a Afric\u00e0 i va acabar fa uns 9.000 anys aproximadament.<\/span><\/p>\n<p><span style=\"color: #3366ff;\">El paleol\u00edtic \u00e9s la primera part de l\u2019edat de pedra. Els \u00e9ssers humans d\u2019aquest per\u00edode obtenien els aliments que necessitaven a traves de la cacera d\u2019animals, la recol\u00b7lecci\u00f3 de fruits i vivien en coves o balmes.<\/span><\/p>\n<p><span style=\"color: #3366ff;\">Els humans del paleol\u00edtic constru\u00efen estris de pedra, banya o os i s\u2019abrigaven amb les pells d\u2019animals que ca\u00e7aven, ja que va ser una \u00e8poca que feia molt fred. El control del foc els va canviar la vida.<\/span><\/p>\n<h3><span style=\"color: #3366ff;\">L\u2019EVOLUCI\u00d3 DE L\u2019ESP\u00c8CIE HUMANA<\/span><\/h3>\n<p><span style=\"color: #3366ff;\">L\u2019hominitzaci\u00f3 \u00e9s el proc\u00e9s d\u2019evoluci\u00f3 dels hom\u00ednids fins a arribar a l\u2019esp\u00e8cie actual, de la qual formem part: l\u2019 Homo Sapiens. Nosaltres hem estudiat l&#8217;Homo Habilis, l&#8217;Homo Herectus i l&#8217;Homo Sapiens.<\/span><\/p>\n<h3><span style=\"color: #3366ff;\">CA\u00c7ADORS I RECOL.LECTORS<\/span><\/h3>\n<p><span style=\"color: #3366ff;\">Els primers humans eren ca\u00e7adors recol\u00b7lectors ,\u00e9s a dir, s\u2019alimentaven dels animals que ca\u00e7aven o pescaven i dels vegetals silvestres que recollien.<\/span><\/p>\n<h3><span style=\"color: #3366ff;\">N\u00d2MADES<\/span><\/h3>\n<p><span style=\"color: #3366ff;\">Els humans del paleol\u00edtic eren n\u00f2mades, \u00e9s a dir, no tenien un lloc fix on viure, sin\u00f3 que s\u2019anaven movent a la recerca d\u2019aliments.<\/span><\/p>\n<h3><span style=\"color: #3366ff;\">L\u2019ART<\/span><\/h3>\n<p><span style=\"color: #3366ff;\">Les principals manifestacions art\u00edstiques del paleol\u00edtic s\u00f3n les pintures rupestres i les Venus, que s\u00f3n petites escultures d&#8217;una dona grassoneta.<\/span><\/p>\n<h2><span style=\"color: #3366ff;\"><strong><u>EL DIOGRAMA DEL NEOL\u00cdTIC<\/u><\/strong><\/span><\/h2>\n<p><span style=\"color: #3366ff;\">Va durar aproximadament entre 7.000 ac i 3.000 ac.<\/span><\/p>\n<p><span style=\"color: #3366ff;\">En el Neol\u00edtic vivienen cases fetes de fusta on passaven la nit. Dormien en una sola habitaci\u00f3.<\/span><\/p>\n<p><span style=\"color: #3366ff;\">Es vestien amb teixits de llana o lli que confeccionava l&#8217;artes\u00e0 o artesana que teixia.<\/span><\/p>\n<p><span style=\"color: #3366ff;\">A l\u2019hora de menjar cuinaven amb foc el que ca\u00e7aven. Tamb\u00e9 menjaven el que recol\u00b7lectaven. Menjaven en plats, olles fets de cer\u00e0mica.<\/span><\/p>\n<p><span style=\"color: #3366ff;\">Ca\u00e7aven mam\u00edfers i aus principalment ,amb eines fetes de pedra polida.<\/span><\/p>\n<p><span style=\"color: #3366ff;\">Van aconseguir domesticar els animals i els van posar dins de tanques. Per obtenir els seus productes.<\/span><\/p>\n<p><span style=\"color: #3366ff;\">Al neol\u00edtic van comen\u00e7ar a conrear. Guardaven els cereals en sitges.<\/span><\/p>\n<p><span style=\"color: #3366ff;\">Es van donar compte que era m\u00e9s f\u00e0cil utilitzar un animal, l\u2019anomenaven&nbsp;animal de carrega on hi posaven cistelles plenes de menjar o objectes.<\/span><\/p>\n<p><span style=\"color: #3366ff;\">Abans feien intercanvis comercials. Intercanviaven peces de cer\u00e0mica per menjar o unes altres coses.<\/span><\/p>\n<p><span style=\"color: #3366ff;\">Pescaven amb unes bosses de pell que les posaven a l\u2019aigua i quan els peixos passaven les treien i les tancaven.<\/span><\/p>\n<p><span style=\"color: #3366ff;\">Van comen\u00e7ar a&nbsp; fer construccions d&#8217;art megal\u00b7l\u00edtiques i van continuar fent pintures rupestres.<\/span><\/p>\n<p><span style=\"color: #3366ff;\">En resum, va ser una \u00e8poca de grans canvis on es van inventar l&#8217;agricultura i ramaderia que van ajudar a canviar el m\u00f3n.<\/span><\/p>\n","protected":false},"excerpt":{"rendered":"<p>Hem treballat el text expositiu a partir del tema de medi de la Prehist\u00f2ria. Hem fet&nbsp;resums i hem ent\u00e9s les caracter\u00edstiques pr\u00f2pies d\u2019un text expositiu. Aqu\u00ed teniu un exemple del [&hellip;]<\/p>\n","protected":false},"author":1,"featured_media":113,"comment_status":"closed","ping_status":"closed","sticky":false,"template":"","format":"standard","meta":{"ngg_post_thumbnail":0},"categories":[1],"tags":[],"_links":{"self":[{"href":"http:\/\/turodeguiera.cat\/bloc5\/wp-json\/wp\/v2\/posts\/112"}],"collection":[{"href":"http:\/\/turodeguiera.cat\/bloc5\/wp-json\/wp\/v2\/posts"}],"about":[{"href":"http:\/\/turodeguiera.cat\/bloc5\/wp-json\/wp\/v2\/types\/post"}],"author":[{"embeddable":true,"href":"http:\/\/turodeguiera.cat\/bloc5\/wp-json\/wp\/v2\/users\/1"}],"replies":[{"embeddable":true,"href":"http:\/\/turodeguiera.cat\/bloc5\/wp-json\/wp\/v2\/comments?post=112"}],"version-history":[{"count":1,"href":"http:\/\/turodeguiera.cat\/bloc5\/wp-json\/wp\/v2\/posts\/112\/revisions"}],"predecessor-version":[{"id":114,"href":"http:\/\/turodeguiera.cat\/bloc5\/wp-json\/wp\/v2\/posts\/112\/revisions\/114"}],"wp:featuredmedia":[{"embeddable":true,"href":"http:\/\/turodeguiera.cat\/bloc5\/wp-json\/wp\/v2\/media\/113"}],"wp:attachment":[{"href":"http:\/\/turodeguiera.cat\/bloc5\/wp-json\/wp\/v2\/media?parent=112"}],"wp:term":[{"taxonomy":"category","embeddable":true,"href":"http:\/\/turodeguiera.cat\/bloc5\/wp-json\/wp\/v2\/categories?post=112"},{"taxonomy":"post_tag","embeddable":true,"href":"http:\/\/turodeguiera.cat\/bloc5\/wp-json\/wp\/v2\/tags?post=112"}],"curies":[{"name":"wp","href":"https:\/\/api.w.org\/{rel}","templated":true}]}}