{"id":45,"date":"2019-01-20T22:52:56","date_gmt":"2019-01-20T20:52:56","guid":{"rendered":"http:\/\/turodeguiera.cat\/bloc5\/?p=45"},"modified":"2019-12-14T14:19:26","modified_gmt":"2019-12-14T12:19:26","slug":"paleolitic_neolitic_metalls","status":"publish","type":"post","link":"http:\/\/turodeguiera.cat\/bloc5\/paleolitic_neolitic_metalls\/","title":{"rendered":"PALEOL\u00cdTIC \/ NEOL\u00cdTIC \/ EDAT DELS METALLS"},"content":{"rendered":"<p><span style=\"color: #0000ff;\">Hem treballat el text expositiu a partir del tema de medi de la Prehist\u00f2ria. Hem fet&nbsp;resums i hem <strong>ent\u00e8s<\/strong> les caracter\u00edstiques pr\u00f2pies d&#8217;un text expositiu. Aqu\u00ed teniu un exemple del treball que hem fet.<\/span><\/p>\n<p class=\"Standard\" style=\"text-align: center;\" align=\"center\"><span style=\"color: #0000ff;\"><strong><span lang=\"CA\">EL PALEOL\u00cdTIC<\/span><\/strong><\/span><\/p>\n<p class=\"Standard\" style=\"text-align: left;\" align=\"center\"><span style=\"color: #0000ff;\">La Prehist\u00f2ria \u00e9s el per\u00edode de la hist\u00f2ria que comen\u00e7a amb l&#8217;aparici\u00f3 d&#8217;uns primats molt especials a \u00c0frica fa milions d&#8217;anys i s&#8217;acaba amb la invenci\u00f3 de l&#8217;escriptura.<\/span><\/p>\n<p class=\"Standard\"><span style=\"color: #0000ff;\" lang=\"CA\">El paleol\u00edtic \u00e9s la primera part de l&#8217;edat de la pedra. Els \u00e9ssers humans d&#8217;aquest per\u00edode obtenien els aliments que necessitaven a trav\u00e9s de la cacera d&#8217;animals i la recol\u00b7lecci\u00f3 de fruits i vivien en coves o balmes.<\/span><\/p>\n<p class=\"Standard\"><span style=\"color: #0000ff;\"><b><span lang=\"CA\">L&#8217;EVOLUCI\u00d3 DE L&#8217;ESP\u00c8CIE HUMANA<\/span><\/b><\/span><\/p>\n<p class=\"Standard\"><span style=\"color: #0000ff;\" lang=\"CA\">L&#8217;hominitzaci\u00f3 \u00e9s el proc\u00e9s d&#8217;evoluci\u00f3 dels hom\u00ednids fins a arribar a l&#8217;esp\u00e8cie actual, de la qual formem part: l&#8217;Homo sapiens.<\/span><\/p>\n<p class=\"Standard\"><span style=\"color: #0000ff;\" lang=\"CA\">Al llarg de tot aquest temps els hom\u00ednids van patir transformacions lent\u00edssimes:<\/span><\/p>\n<ul>\n<li class=\"Standard\"><span style=\"color: #0000ff;\"><span lang=\"CA\">&nbsp;<\/span><span lang=\"CA\">Van comen\u00e7ar a caminar en posici\u00f3 b\u00edpeda, \u00e9s a dir, drets.<\/span><\/span><\/li>\n<li class=\"Standard\"><span style=\"color: #0000ff;\" lang=\"CA\">Tenir les mans lliures els va permetre adaptar-se per a fer altres activitats.<\/span><\/li>\n<li class=\"Standard\"><span style=\"color: #0000ff;\" lang=\"CA\">El desenvolupament del cervell va afavorir que es form\u00e9s un llenguatge complex.<\/span><\/li>\n<\/ul>\n<p class=\"Standard\"><span style=\"color: #0000ff;\"><b><span lang=\"CA\">CA\u00c7ADORS I RECOL\u00b7LECTORS<\/span><\/b><\/span><\/p>\n<p class=\"Standard\"><span style=\"color: #0000ff;\" lang=\"CA\">Els primers humans eren ca\u00e7adors recol\u00b7lectors, \u00c9s a dir, s&#8217;alimentaven dels animals que ca\u00e7aven o pescaven i dels vegetals silvestres que recollien.<\/span><\/p>\n<p class=\"Standard\"><span style=\"color: #0000ff;\" lang=\"CA\">No produ\u00efen aliments, perqu\u00e8 no cultivaven el camp ni domesticaven els animals.<\/span><\/p>\n<p class=\"Standard\"><span style=\"color: #0000ff;\"><b><span lang=\"CA\">N\u00d2MADES I IGUALITARIS<\/span><\/b><\/span><\/p>\n<p class=\"Standard\"><span style=\"color: #0000ff;\" lang=\"CA\">Els humans del Paleol\u00edtic eren <b>n\u00f2mades<\/b>, \u00e9s a dir, no tenien un lloc fix on viure, sin\u00f3 si no s&#8217;anaven movent a la recerca d&#8217;aliments.<\/span><\/p>\n<p class=\"Standard\"><span style=\"color: #0000ff;\" lang=\"CA\">Quan s&#8217;acabaven els aliments del lloc on es trobaven, es veien obligats traslladar-se a un altre lloc on n&#8217;hi hagu\u00e9s.<\/span><\/p>\n<p class=\"Standard\"><span style=\"color: #0000ff;\" lang=\"CA\">Vivien en <b>clans<\/b>. Eren petits <b>grups igualitaris <\/b>on ning\u00fa no exercia el poder per sobre de la resta.<\/span><\/p>\n<p class=\"Standard\"><span style=\"color: #0000ff;\" lang=\"CA\">Per aixoplugar-se aprofitaven abrics naturals a les roques <b><i>com coves o balmes<\/i><\/b>, o constru\u00efen campaments molt senzills.<\/span><\/p>\n<p class=\"Standard\"><span style=\"color: #0000ff;\"><strong><span lang=\"CA\">TECNOLOGIA I ART EN EL PALEOL\u00cdTIC<\/span><\/strong><\/span><\/p>\n<p class=\"Standard\"><span style=\"color: #0000ff;\"><b><span lang=\"CA\">ELS ESTRIS<\/span><\/b><\/span><\/p>\n<p class=\"Standard\"><span style=\"color: #0000ff;\" lang=\"CA\">Els estris del paleol\u00edtic eren molt senzills. El material principal amb qu\u00e8 els constru\u00efen era la pedra -en feien destrals, puntes de llan\u00e7a, puntes de fletxa, etc. &#8211; i hi afegien un m\u00e0nec de fusta.<\/span><\/p>\n<p class=\"Standard\"><span style=\"color: #0000ff;\"><span lang=\"CA\">El paleol\u00edtic es <b>el per\u00edode de la pedra tallada<\/b>. Tamb\u00e9 feien estris <\/span><span lang=\"CA\">dels animals que ca\u00e7aven, com arpons, agulles, etc. Tamb\u00e9 en feien servir la pell per a abrigar-se.<\/span><\/span><\/p>\n<p class=\"Standard\"><span style=\"color: #0000ff;\"><b><span lang=\"CA\">EL CONTROL DEL FOC<\/span><\/b><\/span><\/p>\n<p class=\"Standard\"><span style=\"color: #0000ff;\" lang=\"CA\">Els humans van aprendre a <b>dominar el foc <\/b>fa aproximadament mig mili\u00f3 d&#8217;anyS. El foc va tenir una gran import\u00e0ncia perqu\u00e8:<\/span><\/p>\n<ul>\n<li class=\"Standard\"><span style=\"color: #0000ff;\" lang=\"CA\">Proporcionava escalfor.<\/span><\/li>\n<li class=\"Standard\"><span style=\"color: #0000ff;\" lang=\"CA\">Espantava els animals.<\/span><\/li>\n<li class=\"Standard\"><span style=\"color: #0000ff;\" lang=\"CA\">Permetia coure els aliments.<\/span><\/li>\n<li class=\"Standard\"><span style=\"color: #0000ff;\" lang=\"CA\">Aportava llum.<\/span><\/li>\n<li class=\"Standard\"><span style=\"color: #0000ff;\" lang=\"CA\">Va afavorir la comunicaci\u00f3 entre el grup, que s&#8217;hi reunia al voltant.<\/span><\/li>\n<\/ul>\n<p class=\"Standard\"><span style=\"color: #0000ff;\"><span lang=\"CA\">&nbsp;<\/span><b><span lang=\"CA\">L&#8217;ART<\/span><\/b><\/span><\/p>\n<p class=\"Standard\"><span style=\"color: #0000ff;\"><span lang=\"CA\">&nbsp;<\/span><span lang=\"CA\">Les principals manifestacions art\u00edstiques del paleol\u00edtic s\u00f3n les <b>pintures rupestres i les venus.<\/b><\/span><\/span><\/p>\n<p class=\"Standard\"><span style=\"color: #0000ff;\"><b><i><span lang=\"CA\">LES PINTURES RUPESTRES.<\/span><\/i><\/b><\/span><\/p>\n<p class=\"Standard\"><span style=\"color: #0000ff;\" lang=\"CA\">Els humans primitius les feien a les parets i els sostres de les coves que habitaven. Representaven animals o escenes de ca\u00e7a; per aix\u00f2 es pensa que les feien amb la creen\u00e7a que afavorien&nbsp;la cacera.<\/span><\/p>\n<p class=\"Standard\"><span style=\"color: #0000ff;\"><b><i><span lang=\"CA\">LES VENUS.<\/span><\/i><\/b><\/span><\/p>\n<p class=\"Standard\"><span style=\"color: #0000ff;\" lang=\"CA\">Eren figures de dones amb les natges i els pits molt exagerats; per aix\u00f2 es pensa que que simbolitzaven la fertilitat.<\/span><\/p>\n<p class=\"Standard\"><span style=\"color: #0000ff;\"><b><span lang=\"CA\">CONCLUSI\u00d3:<\/span><\/b><\/span><\/p>\n<p class=\"Standard\"><span style=\"color: #0000ff;\" lang=\"CA\">Els \u00e9ssers humans del Paleol\u00edtic vivien de la cacera i de la recol\u00b7lecci\u00f3 de fruits. <\/span><\/p>\n<p class=\"Standard\"><span style=\"color: #0000ff;\" lang=\"CA\">Eren n\u00f2mades, \u00e9s a dir, que canviaven constantment de zona, per aix\u00f2 les seves cases eren tan simples.<\/span><\/p>\n<p class=\"Standard\"><span style=\"color: #0000ff;\"><em>Autores del resum: Jana, Marina i Mariona.&nbsp;<\/em><\/span><\/p>\n<p class=\"Standard\" style=\"text-align: center;\"><span style=\"color: #0000ff;\"><b><span lang=\"DE\">EL NEOL\u00cdTIC<\/span><\/b><\/span><\/p>\n<p class=\"Standard\"><span style=\"color: #0000ff;\" lang=\"DE\">El neol\u00edtic \u00e9s el segon per\u00edode de l\u00b4edat de la pedra. Tamb\u00e9 s\u00b4anomena revoluci\u00f3 neol\u00edtica perqu\u00e8 s\u00b4hi va produir un canvi molt important respecte al paleol\u00edtic: els humans van passar de ca\u00e7ar i recol\u00b7lectar aliments a produir-ne.<\/span><\/p>\n<p class=\"Standard\"><span style=\"color: #0000ff;\"><b><span lang=\"DE\">LA PRODUCCI\u00d3 D\u00b4ALIMENTS.<\/span><\/b><\/span><\/p>\n<p class=\"Standard\"><span style=\"color: #0000ff;\" lang=\"DE\">Els humans van anar comprenent com funcionaven els cicles de les plantes i els animals. \u00c9s aix\u00ed com van passar de ser ca\u00e7adors recol.lectors i productors d\u00b4aliments.<\/span><\/p>\n<p class=\"Standard\"><span style=\"color: #0000ff;\"><span lang=\"DE\">&nbsp;<\/span><span lang=\"DE\">Els humans del neol\u00edtic van comen\u00e7ar a conrear alguns cereals i a domesticar alguns mam\u00edfers, \u00e9s a dir, van desenvolupar l&#8217;agricultura i la ramaderia. Els humans del neol\u00edtic van domesticar la cabra, l\u2019ovella, el porc i el bou. Aix\u00f2 els va permetre disposar d&#8217;aliments com la llet o la carn d&#8217;una manera continuada o fer servir els animals com a for\u00e7a de tir o de c\u00e0rrega.<\/span><\/span><\/p>\n<p class=\"Standard\"><span style=\"color: #0000ff;\"><span lang=\"DE\">&nbsp;<\/span><b><span lang=\"DE\">EL CREIXEMENT DE LA POBLACI\u00d3<\/span><\/b><\/span><\/p>\n<p class=\"Standard\"><span style=\"color: #0000ff;\" lang=\"DE\">L&#8217;agricultura i la Ramaderia van fer que els humans tinguin m\u00e9s aliments&nbsp; i amb l&#8217;aliment la vida es va allargant.<\/span><\/p>\n<p class=\"Standard\"><span style=\"color: #0000ff;\" lang=\"DE\">Els humans van poder controlar&nbsp;la produccio d&#8217;aliments, ja no va caldre que es desplacessin per a anar a buscar-los.<\/span><\/p>\n<p class=\"Standard\"><span style=\"color: #0000ff;\" lang=\"DE\">Els humans en el neol\u00edtic van passar de ser n\u00f2mades a ser sedentaris, \u00e9s a dir, a viure en&nbsp; un lloc fix.<\/span><\/p>\n<p class=\"Standard\"><span style=\"color: #0000ff;\" lang=\"DE\">Vivien en petits grups o tribus i ja formaven&nbsp; poblats, que eren dirigits per un cap.<\/span><\/p>\n<p class=\"Standard\"><span style=\"color: #0000ff;\"><b><span lang=\"DE\">ELS ESTRIS<\/span><\/b><\/span><\/p>\n<p class=\"Standard\"><span style=\"color: #0000ff;\" lang=\"DE\">Durant el neol\u00edtic es va perfeccionar la confecci\u00f3 d&#8217;estris. \u00c9s el per\u00edode de la pedra polida.<\/span><\/p>\n<p class=\"Standard\"><span style=\"color: #0000ff;\"><b><span lang=\"DE\">TECNOLOGIA I ART EN EL NEOL\u00cdTIC<\/span><\/b><\/span><\/p>\n<p class=\"Standard\"><span style=\"color: #0000ff;\" lang=\"DE\">Els humans del neol\u00edtic feien activitats artesanals, van construir monuments funeraris i&nbsp; es van iniciar el comer\u00e7 i la divisi\u00f3 del treball.<\/span><\/p>\n<p class=\"Standard\"><span style=\"color: #0000ff;\"><b><u><span lang=\"DE\">L&#8217;artesania<\/span><\/u><\/b><b><span lang=\"DE\"><br \/>\n<\/span><\/b><span lang=\"DE\">La nova economia i la vida sedent\u00e0ria van afavorir l&#8217;aparici\u00f3 de noves activitats artesanals, per exemple, la cer\u00e0mica, la cistelleria i teixits.<\/span><\/span><\/p>\n<p class=\"Standard\"><span style=\"color: #0000ff;\"><b><u><span lang=\"DE\">Comer\u00e7<\/span><\/u><\/b><\/span><\/p>\n<p class=\"Standard\"><span style=\"color: #0000ff;\" lang=\"DE\">Va permetre comen\u00e7ar a tenir excedents, \u00e9s a dir, aliments sobrers, es podien intercanviar per altres productes amb grups o poblats ve\u00efns. Aix\u00ed va comen\u00e7ar el comer\u00e7.<\/span><\/p>\n<p class=\"Standard\"><span style=\"color: #0000ff;\"><b><u><span lang=\"DE\">L&#8217;organitzaci\u00f3 social<\/span><\/u><\/b><\/span><\/p>\n<p class=\"Standard\"><span style=\"color: #0000ff;\" lang=\"DE\">Va comen\u00e7ar a haver-hi divisi\u00f3 del treball, van anar sorgint les especialitats: ramaders, pagesos, artesans&#8230;<\/span><\/p>\n<p class=\"Standard\"><span style=\"color: #0000ff;\"><b><u><span lang=\"DE\">Els monuments megal\u00edtics<\/span><\/u><\/b><\/span><\/p>\n<p class=\"Standard\"><span style=\"color: #0000ff;\" lang=\"DE\">Els monuments megal\u00edtics s\u00f3n construccions funer\u00e0ries destinades a retre culte als morts fets amb grans blocs de pedra. Els m\u00e9s comuns s\u00f3n els menhirs i el d\u00f2lmens.<\/span><\/p>\n<p class=\"Standard\"><span style=\"color: #0000ff;\"><b><span lang=\"DE\">CONCLUSIONS<\/span><\/b><\/span><\/p>\n<p class=\"Standard\"><span style=\"color: #0000ff;\" lang=\"DE\">En el Neol\u00edtic va comen\u00e7ar l&#8217;agricultura i la ramaderia.<\/span><\/p>\n<p class=\"Standard\"><span style=\"color: #0000ff;\" lang=\"DE\">Va ser el per\u00edode de la pedra polida. <\/span><\/p>\n<p class=\"Standard\"><span style=\"color: #0000ff;\" lang=\"DE\">Tamb\u00e9 van comen\u00e7ar a ser sedentaris, \u00e9s a dir, a viure en un joc fix.<\/span><\/p>\n<p class=\"Standard\"><span style=\"color: #0000ff;\" lang=\"DE\">Va comen\u00e7ar l&#8217;artesania, el comer\u00e7 i van fer els primers monuments, com per exemple, el d\u00f2lmen i els menhirs.<\/span><\/p>\n<p class=\"Standard\"><span style=\"color: #0000ff;\"><em>Autors del resum: Aitor, Joan, Rub\u00e9 i Tania.<\/em><\/span><\/p>\n<p class=\"Standard\" style=\"text-align: center;\" align=\"center\"><span style=\"color: #0000ff;\"><strong><u><span lang=\"CA\">EDAT DEL METALLS<\/span><\/u><\/strong><\/span><\/p>\n<p class=\"Standard\"><span style=\"color: #0000ff;\" lang=\"CA\">Durant el quart mil\u00b7lenni abans de Trist els humans van descobrir les propietats dels metalls i van utilitzar-los per a fabricar estris. Comen\u00e7ava aix\u00ed, l&#8217;edat dels metalls.<\/span><\/p>\n<p class=\"Standard\"><span style=\"color: #0000ff;\"><b><u><span lang=\"CA\">LA METAL\u00b7L\u00daRGIA<\/span><\/u><\/b><\/span><\/p>\n<p><span style=\"color: #0000ff;\">La metal\u00b7l\u00fargia \u00e9s el treball amb els metalls fosos, els humans es van adonar que escalfant-los es podien treballar m\u00e9s f\u00e0cilment. Es podien emmotllar i eren molt resistents.<\/span><\/p>\n<p class=\"Textbody\"><span style=\"color: #0000ff;\" lang=\"CA\">Primer, es va utilitzar el COURE despr\u00e9s, el BRONZE i, finalment el FERRO.<\/span><\/p>\n<p class=\"Textbody\"><span style=\"color: #0000ff;\">L&#8217;\u00fas dels metalls va permetre tenir eines molt m\u00e9s eficaces.<\/span><\/p>\n<p class=\"Textbody\"><span style=\"color: #0000ff;\"><b><u><span lang=\"CA\">EL PROC\u00c9S DE LA METAL\u00b7L\u00daRGIA:<\/span><\/u><\/b><\/span><\/p>\n<ol>\n<li class=\"Textbody\"><span style=\"color: #0000ff;\" lang=\"CA\">El metall s&#8217;escalfava en un forn.<\/span><\/li>\n<li class=\"Textbody\"><span style=\"color: #0000ff;\" lang=\"CA\">Cada tipus d&#8217;eina tenia un motlle amb la seva forma.<\/span><\/li>\n<li class=\"Textbody\"><span style=\"color: #0000ff;\" lang=\"CA\">Un cop calent, el metall l\u00edquid s&#8217;abocava dins del motlle.<\/span><\/li>\n<li class=\"Textbody\"><span style=\"color: #0000ff;\" lang=\"CA\">El metall prenia la forma de la pe\u00e7a, es deixava refredar i es treia del motlle.&nbsp;<\/span><\/li>\n<\/ol>\n<p class=\"Standard\"><span style=\"color: #0000ff;\"><strong><u><span lang=\"CA\">ELS NOUS AVAN\u00c7OS T\u00c8CNICS<\/span><\/u><\/strong><\/span><\/p>\n<p class=\"Standard\"><span style=\"color: #0000ff;\" lang=\"CA\">Com la invenci\u00f3 de la <b>roda<\/b>,la <b>vela<\/b>i l\u00b4<b>arada<\/b>.<\/span><\/p>\n<p class=\"Standard\"><span style=\"color: #0000ff;\"><strong><span lang=\"CA\">LA RODA<\/span><\/strong><\/span><\/p>\n<p class=\"Standard\"><span style=\"color: #0000ff;\" lang=\"CA\">Va suposar una gran millora en el transport terrestre i, per tant, va afavorir l\u00b4augment del comer\u00e7.<\/span><\/p>\n<p class=\"Standard\"><span style=\"color: #0000ff;\"><strong><span lang=\"CA\">LA VELA<\/span><\/strong><\/span><\/p>\n<p class=\"Standard\"><span style=\"color: #0000ff;\" lang=\"CA\">Va permetre millorar el transport i el comer\u00e7 per mars i rius.<\/span><\/p>\n<p class=\"Standard\"><span style=\"color: #0000ff;\"><strong><span lang=\"CA\">L\u00b4ARADA<\/span><\/strong><\/span><\/p>\n<p class=\"Standard\"><span style=\"color: #0000ff;\"><span lang=\"CA\">Va permetre llaurar m\u00e9s de pressa i m\u00e9s profundament els camps i, per tant , millorar <\/span><span lang=\"CA\">l<\/span><span lang=\"CA\">\u00b4agricultura.<\/span><\/span><\/p>\n<p class=\"Standard\"><span style=\"color: #0000ff;\"><strong><u><span lang=\"CA\">LES DIFER\u00c8NCIES SOCIALS<\/span><\/u><\/strong><\/span><\/p>\n<p class=\"Standard\"><span style=\"color: #0000ff;\" lang=\"CA\">Les millores t\u00e8cniques van suposar un augment de la producci\u00f3 agr\u00edcola i dels excedents i, per tant, del comer\u00e7, com els<b>sacerdots<\/b>i els <b>guerrers<\/b>.<\/span><\/p>\n<p class=\"Standard\"><span style=\"color: #0000ff;\"><strong><span lang=\"CA\">ELS SACERDOTS<\/span><\/strong><\/span><\/p>\n<p class=\"Standard\"><span style=\"color: #0000ff;\" lang=\"CA\">Dirigien les cerim\u00f2nies religioses i transmetien els coneixements.<\/span><\/p>\n<p class=\"Standard\"><span style=\"color: #0000ff;\"><strong><span lang=\"CA\">ELS GUERRERS<\/span><\/strong><\/span><\/p>\n<p class=\"Standard\"><span style=\"color: #0000ff;\" lang=\"CA\">Defensaven els poblats i les ciutats .<\/span><\/p>\n<p class=\"Standard\"><span style=\"color: #0000ff;\"><span lang=\"CA\">De mica en mica es van anar fent m\u00e9s grans les difer\u00e8ncies socials, i els grups que tenien m\u00e9s riquesa i prestigi van anar guanyant m\u00e9s poder.<\/span><span lang=\"CA\">&nbsp;<\/span><\/span><\/p>\n<p class=\"Textbody\"><span style=\"color: #0000ff;\"><strong><u><span lang=\"CA\">CONCLUSI\u00d3:<\/span><\/u><\/strong><\/span><\/p>\n<p class=\"Textbody\"><span style=\"color: #0000ff;\" lang=\"CA\">Es diu &lt;&lt;EDAT DELS METALLS&gt;&gt; perqu\u00e8 en aquella \u00e8poca s&#8217;utilitzaven els metalls per fondre&#8217;ls i fer eines, per menjar, per ca\u00e7ar, en general per viure. <\/span><\/p>\n<p class=\"Textbody\"><span style=\"color: #0000ff;\" lang=\"CA\">Tamb\u00e9 va ser l&#8217;\u00e8poca de la roda i l&#8217;arada que els va permetre llaurar m\u00e9s b\u00e9.<\/span><\/p>\n<p class=\"Textbody\"><span style=\"color: #0000ff;\"><em>Autors del resum: Ariadna, Daniela i Ismael.<\/em><\/span><\/p>\n","protected":false},"excerpt":{"rendered":"<p>Hem treballat el text expositiu a partir del tema de medi de la Prehist\u00f2ria. Hem fet&nbsp;resums i hem ent\u00e8s les caracter\u00edstiques pr\u00f2pies d&#8217;un text expositiu. Aqu\u00ed teniu un exemple del [&hellip;]<\/p>\n","protected":false},"author":1,"featured_media":48,"comment_status":"closed","ping_status":"closed","sticky":false,"template":"","format":"standard","meta":{"ngg_post_thumbnail":0},"categories":[1],"tags":[],"_links":{"self":[{"href":"http:\/\/turodeguiera.cat\/bloc5\/wp-json\/wp\/v2\/posts\/45"}],"collection":[{"href":"http:\/\/turodeguiera.cat\/bloc5\/wp-json\/wp\/v2\/posts"}],"about":[{"href":"http:\/\/turodeguiera.cat\/bloc5\/wp-json\/wp\/v2\/types\/post"}],"author":[{"embeddable":true,"href":"http:\/\/turodeguiera.cat\/bloc5\/wp-json\/wp\/v2\/users\/1"}],"replies":[{"embeddable":true,"href":"http:\/\/turodeguiera.cat\/bloc5\/wp-json\/wp\/v2\/comments?post=45"}],"version-history":[{"count":4,"href":"http:\/\/turodeguiera.cat\/bloc5\/wp-json\/wp\/v2\/posts\/45\/revisions"}],"predecessor-version":[{"id":53,"href":"http:\/\/turodeguiera.cat\/bloc5\/wp-json\/wp\/v2\/posts\/45\/revisions\/53"}],"wp:featuredmedia":[{"embeddable":true,"href":"http:\/\/turodeguiera.cat\/bloc5\/wp-json\/wp\/v2\/media\/48"}],"wp:attachment":[{"href":"http:\/\/turodeguiera.cat\/bloc5\/wp-json\/wp\/v2\/media?parent=45"}],"wp:term":[{"taxonomy":"category","embeddable":true,"href":"http:\/\/turodeguiera.cat\/bloc5\/wp-json\/wp\/v2\/categories?post=45"},{"taxonomy":"post_tag","embeddable":true,"href":"http:\/\/turodeguiera.cat\/bloc5\/wp-json\/wp\/v2\/tags?post=45"}],"curies":[{"name":"wp","href":"https:\/\/api.w.org\/{rel}","templated":true}]}}