{"id":84,"date":"2016-09-27T14:26:07","date_gmt":"2016-09-27T13:26:07","guid":{"rendered":"http:\/\/turodeguiera.cat\/escolaverda\/?p=84"},"modified":"2017-06-12T10:33:53","modified_gmt":"2017-06-12T09:33:53","slug":"arbres-apadrinats","status":"publish","type":"post","link":"http:\/\/turodeguiera.cat\/escolaverda\/arbres-apadrinats\/","title":{"rendered":"ARBRES APADRINATS"},"content":{"rendered":"<p>&nbsp;<\/p>\n<h1 style=\"text-align: center;\">A les jornades culturals del curs 2014-2015, dins de la celebraci\u00f3 del 25\u00e8 aniversari, cada nivell va apadrinar un arbre.<\/h1>\n<h3 style=\"text-align: center;\">Al llarg de la seva escolaritat tos els alumnes hauran tingut cura dels nou arbres:<\/h3>\n<p style=\"text-align: center;\">Educaci\u00f3 infantil 3 anys<span style=\"color: #99cc00;\"> L&#8217;ALBERCOQUER<\/span><\/p>\n<p style=\"text-align: center;\">Educaci\u00f3 infantil 4 anys<span style=\"color: #99cc00;\"> LA PRUNERA<\/span><\/p>\n<p style=\"text-align: center;\">Educaci\u00f3 infantil 5 anys <span style=\"color: #99cc00;\">EL MAGRANER<\/span><\/p>\n<p style=\"text-align: center;\">Primer de prim\u00e0ria <span style=\"color: #99cc00;\">L&#8217;ARBO\u00c7<\/span><\/p>\n<p style=\"text-align: center;\">Segon de prim\u00e0ria <span style=\"color: #99cc00;\">L&#8217;OLIVERA<\/span><\/p>\n<p style=\"text-align: center;\">Tercer de prim\u00e0ria <span style=\"color: #99cc00;\">EL CEDRE<\/span><\/p>\n<p style=\"text-align: center;\">Quart de prim\u00e0ria<span style=\"color: #99cc00;\"> L&#8217;ALZINA<\/span><\/p>\n<p style=\"text-align: center;\">Cinqu\u00e8 de prim\u00e0ria <span style=\"color: #99cc00;\">L&#8217;AMETLLER<\/span><\/p>\n<p style=\"text-align: center;\">Sis\u00e8 de prim\u00e0ria <span style=\"color: #99cc00;\">LA MAGN\u00d2LIA<\/span><\/p>\n<table class=\" aligncenter\" style=\"width: 700px;\">\n<tbody>\n<tr>\n<td style=\"width: 300px; text-align: center;\"><img loading=\"lazy\" class=\"size-medium wp-image-96 alignnone\" src=\"http:\/\/turodeguiera.cat\/escolaverda\/wp-content\/uploads\/2016\/05\/Olivera-225x300.jpg\" alt=\"Olivera\" width=\"225\" height=\"300\" srcset=\"http:\/\/turodeguiera.cat\/escolaverda\/wp-content\/uploads\/2016\/05\/Olivera-225x300.jpg 225w, http:\/\/turodeguiera.cat\/escolaverda\/wp-content\/uploads\/2016\/05\/Olivera-768x1024.jpg 768w, http:\/\/turodeguiera.cat\/escolaverda\/wp-content\/uploads\/2016\/05\/Olivera-720x960.jpg 720w\" sizes=\"(max-width: 225px) 100vw, 225px\" \/><\/td>\n<td style=\"width: 100px;\"><\/td>\n<td style=\"width: 300px; text-align: center;\"><img loading=\"lazy\" class=\"alignnone size-medium wp-image-89\" src=\"http:\/\/turodeguiera.cat\/escolaverda\/wp-content\/uploads\/2016\/05\/Ametller-Dulcis-300x225.jpg\" alt=\"Ametller Dulcis\" width=\"300\" height=\"225\" srcset=\"http:\/\/turodeguiera.cat\/escolaverda\/wp-content\/uploads\/2016\/05\/Ametller-Dulcis-300x225.jpg 300w, http:\/\/turodeguiera.cat\/escolaverda\/wp-content\/uploads\/2016\/05\/Ametller-Dulcis-768x576.jpg 768w, http:\/\/turodeguiera.cat\/escolaverda\/wp-content\/uploads\/2016\/05\/Ametller-Dulcis-960x720.jpg 960w\" sizes=\"(max-width: 300px) 100vw, 300px\" \/><\/td>\n<\/tr>\n<tr>\n<td><img loading=\"lazy\" class=\"size-medium wp-image-120 aligncenter\" src=\"http:\/\/turodeguiera.cat\/escolaverda\/wp-content\/uploads\/2016\/09\/DSC00201-PEL-BLOG-243x300.jpeg\" alt=\"DSC00201 PEL BLOG\" width=\"243\" height=\"300\" srcset=\"http:\/\/turodeguiera.cat\/escolaverda\/wp-content\/uploads\/2016\/09\/DSC00201-PEL-BLOG-243x300.jpeg 243w, http:\/\/turodeguiera.cat\/escolaverda\/wp-content\/uploads\/2016\/09\/DSC00201-PEL-BLOG-768x947.jpeg 768w, http:\/\/turodeguiera.cat\/escolaverda\/wp-content\/uploads\/2016\/09\/DSC00201-PEL-BLOG-779x960.jpeg 779w\" sizes=\"(max-width: 243px) 100vw, 243px\" \/><\/td>\n<td><\/td>\n<td><img loading=\"lazy\" class=\"size-medium wp-image-91 aligncenter\" src=\"http:\/\/turodeguiera.cat\/escolaverda\/wp-content\/uploads\/2016\/05\/Prunus-Domestic-225x300.jpg\" alt=\"Prunus Domestic\" width=\"225\" height=\"300\" srcset=\"http:\/\/turodeguiera.cat\/escolaverda\/wp-content\/uploads\/2016\/05\/Prunus-Domestic-225x300.jpg 225w, http:\/\/turodeguiera.cat\/escolaverda\/wp-content\/uploads\/2016\/05\/Prunus-Domestic-768x1024.jpg 768w, http:\/\/turodeguiera.cat\/escolaverda\/wp-content\/uploads\/2016\/05\/Prunus-Domestic-720x960.jpg 720w\" sizes=\"(max-width: 225px) 100vw, 225px\" \/><\/td>\n<\/tr>\n<tr>\n<td><img loading=\"lazy\" class=\"size-medium wp-image-132 aligncenter\" src=\"http:\/\/turodeguiera.cat\/escolaverda\/wp-content\/uploads\/2016\/09\/DSC00203-PEL-BLOG-221x300.jpeg\" alt=\"DSC00203 PEL BLOG\" width=\"221\" height=\"300\" srcset=\"http:\/\/turodeguiera.cat\/escolaverda\/wp-content\/uploads\/2016\/09\/DSC00203-PEL-BLOG-221x300.jpeg 221w, http:\/\/turodeguiera.cat\/escolaverda\/wp-content\/uploads\/2016\/09\/DSC00203-PEL-BLOG-768x1041.jpeg 768w, http:\/\/turodeguiera.cat\/escolaverda\/wp-content\/uploads\/2016\/09\/DSC00203-PEL-BLOG-708x960.jpeg 708w\" sizes=\"(max-width: 221px) 100vw, 221px\" \/><\/td>\n<td><\/td>\n<td><img loading=\"lazy\" class=\"size-medium wp-image-129 aligncenter\" src=\"http:\/\/turodeguiera.cat\/escolaverda\/wp-content\/uploads\/2016\/09\/DSC00207-PEL-BLOG-233x300.jpeg\" alt=\"DSC00207 PEL BLOG\" width=\"233\" height=\"300\" srcset=\"http:\/\/turodeguiera.cat\/escolaverda\/wp-content\/uploads\/2016\/09\/DSC00207-PEL-BLOG-233x300.jpeg 233w, http:\/\/turodeguiera.cat\/escolaverda\/wp-content\/uploads\/2016\/09\/DSC00207-PEL-BLOG-768x988.jpeg 768w, http:\/\/turodeguiera.cat\/escolaverda\/wp-content\/uploads\/2016\/09\/DSC00207-PEL-BLOG-746x960.jpeg 746w\" sizes=\"(max-width: 233px) 100vw, 233px\" \/><\/td>\n<\/tr>\n<tr>\n<td><img loading=\"lazy\" class=\"size-medium wp-image-125 aligncenter\" src=\"http:\/\/turodeguiera.cat\/escolaverda\/wp-content\/uploads\/2016\/09\/DSC00211-PEL-BLOG-246x300.jpeg\" alt=\"DSC00211 PEL BLOG\" width=\"246\" height=\"300\" srcset=\"http:\/\/turodeguiera.cat\/escolaverda\/wp-content\/uploads\/2016\/09\/DSC00211-PEL-BLOG-246x300.jpeg 246w, http:\/\/turodeguiera.cat\/escolaverda\/wp-content\/uploads\/2016\/09\/DSC00211-PEL-BLOG-768x938.jpeg 768w, http:\/\/turodeguiera.cat\/escolaverda\/wp-content\/uploads\/2016\/09\/DSC00211-PEL-BLOG-786x960.jpeg 786w\" sizes=\"(max-width: 246px) 100vw, 246px\" \/><\/td>\n<td><\/td>\n<td><img loading=\"lazy\" class=\"size-medium wp-image-109 aligncenter\" src=\"http:\/\/turodeguiera.cat\/escolaverda\/wp-content\/uploads\/2016\/05\/Albaricoquer-1-225x300.jpg\" alt=\"Albaricoquer\" width=\"225\" height=\"300\" srcset=\"http:\/\/turodeguiera.cat\/escolaverda\/wp-content\/uploads\/2016\/05\/Albaricoquer-1-225x300.jpg 225w, http:\/\/turodeguiera.cat\/escolaverda\/wp-content\/uploads\/2016\/05\/Albaricoquer-1-768x1024.jpg 768w, http:\/\/turodeguiera.cat\/escolaverda\/wp-content\/uploads\/2016\/05\/Albaricoquer-1-720x960.jpg 720w\" sizes=\"(max-width: 225px) 100vw, 225px\" \/><\/td>\n<\/tr>\n<tr>\n<td colspan=\"3\"><img loading=\"lazy\" class=\"wp-image-136 aligncenter\" src=\"http:\/\/turodeguiera.cat\/escolaverda\/wp-content\/uploads\/2016\/09\/DSC00193-CEDRE-pel-bloc-225x300.jpeg\" alt=\"dsc00193-cedre-pel-bloc\" width=\"211\" height=\"281\" srcset=\"http:\/\/turodeguiera.cat\/escolaverda\/wp-content\/uploads\/2016\/09\/DSC00193-CEDRE-pel-bloc-225x300.jpeg 225w, http:\/\/turodeguiera.cat\/escolaverda\/wp-content\/uploads\/2016\/09\/DSC00193-CEDRE-pel-bloc-768x1024.jpeg 768w, http:\/\/turodeguiera.cat\/escolaverda\/wp-content\/uploads\/2016\/09\/DSC00193-CEDRE-pel-bloc-720x960.jpeg 720w\" sizes=\"(max-width: 211px) 100vw, 211px\" \/><\/td>\n<\/tr>\n<\/tbody>\n<\/table>\n<p>&nbsp;<\/p>\n","protected":false},"excerpt":{"rendered":"<p>&nbsp; A les jornades culturals del curs 2014-2015, dins de la celebraci\u00f3 del 25\u00e8 aniversari, cada nivell va apadrinar un arbre. Al llarg de la seva escolaritat tos els alumnes hauran tingut cura dels nou arbres: Educaci\u00f3 infantil 3 anys L&#8217;ALBERCOQUER Educaci\u00f3 infantil 4 anys LA PRUNERA Educaci\u00f3 infantil 5 anys EL MAGRANER Primer de [&hellip;]<\/p>\n","protected":false},"author":3,"featured_media":156,"comment_status":"closed","ping_status":"open","sticky":false,"template":"","format":"standard","meta":{"ngg_post_thumbnail":0},"categories":[1,11,6],"tags":[],"_links":{"self":[{"href":"http:\/\/turodeguiera.cat\/escolaverda\/wp-json\/wp\/v2\/posts\/84"}],"collection":[{"href":"http:\/\/turodeguiera.cat\/escolaverda\/wp-json\/wp\/v2\/posts"}],"about":[{"href":"http:\/\/turodeguiera.cat\/escolaverda\/wp-json\/wp\/v2\/types\/post"}],"author":[{"embeddable":true,"href":"http:\/\/turodeguiera.cat\/escolaverda\/wp-json\/wp\/v2\/users\/3"}],"replies":[{"embeddable":true,"href":"http:\/\/turodeguiera.cat\/escolaverda\/wp-json\/wp\/v2\/comments?post=84"}],"version-history":[{"count":40,"href":"http:\/\/turodeguiera.cat\/escolaverda\/wp-json\/wp\/v2\/posts\/84\/revisions"}],"predecessor-version":[{"id":158,"href":"http:\/\/turodeguiera.cat\/escolaverda\/wp-json\/wp\/v2\/posts\/84\/revisions\/158"}],"wp:featuredmedia":[{"embeddable":true,"href":"http:\/\/turodeguiera.cat\/escolaverda\/wp-json\/wp\/v2\/media\/156"}],"wp:attachment":[{"href":"http:\/\/turodeguiera.cat\/escolaverda\/wp-json\/wp\/v2\/media?parent=84"}],"wp:term":[{"taxonomy":"category","embeddable":true,"href":"http:\/\/turodeguiera.cat\/escolaverda\/wp-json\/wp\/v2\/categories?post=84"},{"taxonomy":"post_tag","embeddable":true,"href":"http:\/\/turodeguiera.cat\/escolaverda\/wp-json\/wp\/v2\/tags?post=84"}],"curies":[{"name":"wp","href":"https:\/\/api.w.org\/{rel}","templated":true}]}}