{"id":144,"date":"2013-01-16T17:33:04","date_gmt":"2013-01-16T16:33:04","guid":{"rendered":"http:\/\/ceipturodeguiera.xtec.cat\/tifo\/?p=144"},"modified":"2020-04-24T07:46:09","modified_gmt":"2020-04-24T06:46:09","slug":"com-insertar-una-imatge-daraword-en-un-document","status":"publish","type":"post","link":"http:\/\/turodeguiera.cat\/tifo\/com-insertar-una-imatge-daraword-en-un-document\/","title":{"rendered":"Com insertar una imatge d&#8217;AraWord en un document"},"content":{"rendered":"<h2>&nbsp;<\/h2>\n<p><img loading=\"lazy\" class=\"aligncenter\" src=\"http:\/\/ceipturodeguiera.xtec.cat\/tifo\/wp-content\/uploads\/2013\/01\/araword_01.jpg\" alt=\"araword_01\" width=\"262\" height=\"146\"\/><\/p>\n<p>Un cop desat el fitxer amb l&#8217;opci\u00f3 Exportar com (jpg \u00f3 pdf) , guardar-ho en una carpeta.<\/p>\n<ul>\n<li>Obrir LibreOffice Writer<\/li>\n<li>Men\u00fa Insertar: opci\u00f3 Imatge (buscar el fitxer)<\/li>\n<li>Ajustar la imatge en el nostre fitxer Office:<\/li>\n<li>Men\u00fa Veure: opci\u00f3 Barra d&#8217;eines \u2013 Imatge<\/li>\n<li>Barra d&#8217;eines Imatge: primera icona (imatge): pestanya Retallar (en aqu\u00ed anirem posant els cent\u00edmetres que volem retallar la imatge).<\/li>\n<li>Podem insertar text d&#8217;altres llocs a l&#8217;AraWord<\/li>\n<li>Simplement utilitzant l&#8217;opci\u00f3 pegar del men\u00fa Editar podrem inserir qualsevol text que copiem des d&#8217;altre lloc. Autom\u00e0ticament es convertir\u00e0 en un text amb pictogrames.<\/li>\n<\/ul>\n","protected":false},"excerpt":{"rendered":"<p>&nbsp; Un cop desat el fitxer amb l&#8217;opci\u00f3 Exportar com (jpg \u00f3 pdf) , guardar-ho en una carpeta. Obrir LibreOffice Writer Men\u00fa Insertar: opci\u00f3 Imatge (buscar el fitxer) Ajustar la imatge en el nostre fitxer Office: Men\u00fa Veure: opci\u00f3 Barra<\/p>\n","protected":false},"author":2,"featured_media":0,"comment_status":"closed","ping_status":"closed","sticky":false,"template":"","format":"standard","meta":{"ngg_post_thumbnail":0},"categories":[33,7],"tags":[],"_links":{"self":[{"href":"http:\/\/turodeguiera.cat\/tifo\/wp-json\/wp\/v2\/posts\/144"}],"collection":[{"href":"http:\/\/turodeguiera.cat\/tifo\/wp-json\/wp\/v2\/posts"}],"about":[{"href":"http:\/\/turodeguiera.cat\/tifo\/wp-json\/wp\/v2\/types\/post"}],"author":[{"embeddable":true,"href":"http:\/\/turodeguiera.cat\/tifo\/wp-json\/wp\/v2\/users\/2"}],"replies":[{"embeddable":true,"href":"http:\/\/turodeguiera.cat\/tifo\/wp-json\/wp\/v2\/comments?post=144"}],"version-history":[{"count":6,"href":"http:\/\/turodeguiera.cat\/tifo\/wp-json\/wp\/v2\/posts\/144\/revisions"}],"predecessor-version":[{"id":672,"href":"http:\/\/turodeguiera.cat\/tifo\/wp-json\/wp\/v2\/posts\/144\/revisions\/672"}],"wp:attachment":[{"href":"http:\/\/turodeguiera.cat\/tifo\/wp-json\/wp\/v2\/media?parent=144"}],"wp:term":[{"taxonomy":"category","embeddable":true,"href":"http:\/\/turodeguiera.cat\/tifo\/wp-json\/wp\/v2\/categories?post=144"},{"taxonomy":"post_tag","embeddable":true,"href":"http:\/\/turodeguiera.cat\/tifo\/wp-json\/wp\/v2\/tags?post=144"}],"curies":[{"name":"wp","href":"https:\/\/api.w.org\/{rel}","templated":true}]}}