{"id":221,"date":"2013-04-10T18:59:36","date_gmt":"2013-04-10T17:59:36","guid":{"rendered":"http:\/\/ceipturodeguiera.xtec.cat\/tifo\/?p=221"},"modified":"2020-04-24T07:46:09","modified_gmt":"2020-04-24T06:46:09","slug":"configuracio-del-tema-barres-icones-i-tipus-de-lletra","status":"publish","type":"post","link":"http:\/\/turodeguiera.cat\/tifo\/configuracio-del-tema-barres-icones-i-tipus-de-lletra\/","title":{"rendered":"Configuraci\u00f3 del tema, barres, icones i Tipus de lletra"},"content":{"rendered":"<p style=\"text-align: left;\">El sistema permet configurar alguns aspectes, de manera que l&#8217;aspecte del nostre ordinador siguin el que us agradi m\u00e9s. Per fer aquesta configuraci\u00f3 cal desplegar el men\u00fa:<\/p>\n<p style=\"text-align: center;\"><strong>Aplicacions | Eines del sistema | Prefer\u00e8ncies | Configuraci\u00f3 avan\u00e7ada<\/strong><\/p>\n<p style=\"text-align: left;\">S&#8217;obrir\u00e0 la finestra <strong>Advanced Settings<\/strong>, on triareu la secci\u00f3 <strong>Theme<\/strong><\/p>\n<p style=\"text-align: left;\"><img loading=\"lazy\" class=\"size-full wp-image-214 aligncenter\" alt=\"AS_01\" src=\"http:\/\/ceipturodeguiera.xtec.cat\/tifo\/wp-content\/uploads\/2013\/04\/AS_01.png\" width=\"646\" height=\"504\" srcset=\"http:\/\/turodeguiera.cat\/tifo\/wp-content\/uploads\/2013\/04\/AS_01.png 646w, http:\/\/turodeguiera.cat\/tifo\/wp-content\/uploads\/2013\/04\/AS_01-300x234.png 300w\" sizes=\"(max-width: 646px) 100vw, 646px\" \/><\/p>\n<p>Us proposo la seg\u00fcent la seg\u00fcent configuraci\u00f3, malgrat aix\u00f2, en tractar-se un tema de gustos personals, les opcions a seleccionar s\u00f3n totalment lliures:<\/p>\n<p style=\"padding-left: 30px;\"><strong><span style=\"text-decoration: underline;\">GTK+Theme:<\/span> <span style=\"color: #0000ff;\">GrayDay<\/span><\/strong><\/p>\n<p style=\"padding-left: 30px;\"><strong><span style=\"text-decoration: underline;\">Window theme:<\/span> <span style=\"color: #0000ff;\">Human<\/span><\/strong><\/p>\n<p style=\"padding-left: 30px;\"><strong><span style=\"text-decoration: underline;\">Icon them:<\/span> <span style=\"color: #0000ff;\">Human<\/span><\/strong><\/p>\n<h2>Tipus de lletra<\/h2>\n<p>A la mateixa finestra anterior de <strong>Advanced settings<\/strong> seleccioneu la secci\u00f3 <strong>Tipus de lletra<\/strong>. Podeu seleccionar el tipus de lletra i la mida que us agradi m\u00e9s una configuraci\u00f3 possible, \u00e9s la que trobareu en aquesta imatge:<\/p>\n<p><img loading=\"lazy\" class=\"alignleft size-full wp-image-215\" alt=\"AS_02\" src=\"http:\/\/ceipturodeguiera.xtec.cat\/tifo\/wp-content\/uploads\/2013\/04\/AS_02.png\" width=\"2646\" height=\"1024\" \/><\/p>\n<p>&nbsp;<\/p>\n","protected":false},"excerpt":{"rendered":"<p>El sistema permet configurar alguns aspectes, de manera que l&#8217;aspecte del nostre ordinador siguin el que us agradi m\u00e9s. Per fer aquesta configuraci\u00f3 cal desplegar el men\u00fa: Aplicacions | Eines del sistema | Prefer\u00e8ncies | Configuraci\u00f3 avan\u00e7ada S&#8217;obrir\u00e0 la finestra<\/p>\n","protected":false},"author":2,"featured_media":0,"comment_status":"closed","ping_status":"closed","sticky":false,"template":"","format":"standard","meta":{"ngg_post_thumbnail":0},"categories":[16],"tags":[],"_links":{"self":[{"href":"http:\/\/turodeguiera.cat\/tifo\/wp-json\/wp\/v2\/posts\/221"}],"collection":[{"href":"http:\/\/turodeguiera.cat\/tifo\/wp-json\/wp\/v2\/posts"}],"about":[{"href":"http:\/\/turodeguiera.cat\/tifo\/wp-json\/wp\/v2\/types\/post"}],"author":[{"embeddable":true,"href":"http:\/\/turodeguiera.cat\/tifo\/wp-json\/wp\/v2\/users\/2"}],"replies":[{"embeddable":true,"href":"http:\/\/turodeguiera.cat\/tifo\/wp-json\/wp\/v2\/comments?post=221"}],"version-history":[{"count":8,"href":"http:\/\/turodeguiera.cat\/tifo\/wp-json\/wp\/v2\/posts\/221\/revisions"}],"predecessor-version":[{"id":271,"href":"http:\/\/turodeguiera.cat\/tifo\/wp-json\/wp\/v2\/posts\/221\/revisions\/271"}],"wp:attachment":[{"href":"http:\/\/turodeguiera.cat\/tifo\/wp-json\/wp\/v2\/media?parent=221"}],"wp:term":[{"taxonomy":"category","embeddable":true,"href":"http:\/\/turodeguiera.cat\/tifo\/wp-json\/wp\/v2\/categories?post=221"},{"taxonomy":"post_tag","embeddable":true,"href":"http:\/\/turodeguiera.cat\/tifo\/wp-json\/wp\/v2\/tags?post=221"}],"curies":[{"name":"wp","href":"https:\/\/api.w.org\/{rel}","templated":true}]}}