{"id":240,"date":"2013-04-10T19:00:09","date_gmt":"2013-04-10T18:00:09","guid":{"rendered":"http:\/\/ceipturodeguiera.xtec.cat\/tifo\/?p=240"},"modified":"2020-04-24T07:46:09","modified_gmt":"2020-04-24T06:46:09","slug":"personalitzacio-de-lentorn-ubuntu-12-04-2","status":"publish","type":"post","link":"http:\/\/turodeguiera.cat\/tifo\/personalitzacio-de-lentorn-ubuntu-12-04-2\/","title":{"rendered":"Personalitzaci\u00f3 de l&#8217;entorn UBUNTU 12.04"},"content":{"rendered":"<h2>El sistema permet configurar alguns aspectes, de manera que l&#8217;aspecte del nostre ordinador i les funcions que incorpori de manera m\u00e9s accessible, siguin el que us agradi m\u00e9s i s&#8217;adaptin a les nostres necessitats.<\/h2>\n<h2>En fer l&#8217;actualitzaci\u00f3 del sistema operatiu alguns aspectes de personalitzaci\u00f3 dels escriptoris, no s&#8217;han pogut modificar des del departament d&#8217;inform\u00e0tica, en tractar-se de configuracions personals de casa usuari.<\/h2>\n<p style=\"padding-left: 30px;\"><a title=\"Configuraci\u00f3 del tema, barres, icones i Tipus de lletra\" href=\"http:\/\/ceipturodeguiera.xtec.cat\/tifo\/?p=221\">Configuraci\u00f3 del tema, barres i icones i Tipus de Lletra<\/a><\/p>\n<p style=\"padding-left: 60px;\">Aquesta secci\u00f3 ofereix com fer que la interf\u00edcie de l&#8217;escriptori i els tipus de lletra que es presentin siguin els que vagin millor amb les nostres prefer\u00e8ncies: colors, aspecte, &#8230;<\/p>\n<p style=\"padding-left: 30px;\"><a title=\"Llan\u00e7adores de la barra superior\" href=\"http:\/\/ceipturodeguiera.xtec.cat\/tifo\/?p=246\">Llan\u00e7adores de la barra superior<\/a><\/p>\n<p style=\"padding-left: 60px;\">En el treball habitual amb l&#8217;ordinador es servir uns programes d&#8217;una manera m\u00e9s freq\u00fcent que d&#8217;altres, l&#8217;acc\u00e9s a aquests programes el podem situar en un prioritari en el nostre escriptori, per el tenir un acc\u00e9s m\u00e9s r\u00e0pid i senzill.<\/p>\n<p><a title=\"Llan\u00e7adores especials: selector de finestres i paperera\" href=\"http:\/\/ceipturodeguiera.xtec.cat\/tifo\/?p=274\"><\/p>\n<p style=\"padding-left: 30px;\">Llan\u00e7adores especials: selector de finestres i paperera<\/p>\n<p><\/a><\/p>\n<p style=\"padding-left: 60px;\">Hi una un parell d&#8217;utilitats molt pr\u00e0ctiques que es recomanable tenir-les a l&#8217;escriptori.<\/p>\n<p><a title=\"Assignaci\u00f3 dels programes per defecte\" href=\"http:\/\/ceipturodeguiera.xtec.cat\/tifo\/?p=283\"><\/p>\n<p style=\"padding-left: 30px;\">Assignaci\u00f3 dels programes per defecte<\/p>\n<p><\/a><\/p>\n<p style=\"padding-left: 60px;\">Ubuntu fa servir uns programes per defecte per a visualitzar determinats arxius. A la versi\u00f3 12.04, s&#8217;han introdu\u00eft uns canvis per configurar aquesta caracter\u00edstica.<\/p>\n","protected":false},"excerpt":{"rendered":"<p>El sistema permet configurar alguns aspectes, de manera que l&#8217;aspecte del nostre ordinador i les funcions que incorpori de manera m\u00e9s accessible, siguin el que us agradi m\u00e9s i s&#8217;adaptin a les nostres necessitats. En fer l&#8217;actualitzaci\u00f3 del sistema operatiu<\/p>\n","protected":false},"author":2,"featured_media":0,"comment_status":"closed","ping_status":"closed","sticky":false,"template":"","format":"standard","meta":{"ngg_post_thumbnail":0},"categories":[16],"tags":[],"_links":{"self":[{"href":"http:\/\/turodeguiera.cat\/tifo\/wp-json\/wp\/v2\/posts\/240"}],"collection":[{"href":"http:\/\/turodeguiera.cat\/tifo\/wp-json\/wp\/v2\/posts"}],"about":[{"href":"http:\/\/turodeguiera.cat\/tifo\/wp-json\/wp\/v2\/types\/post"}],"author":[{"embeddable":true,"href":"http:\/\/turodeguiera.cat\/tifo\/wp-json\/wp\/v2\/users\/2"}],"replies":[{"embeddable":true,"href":"http:\/\/turodeguiera.cat\/tifo\/wp-json\/wp\/v2\/comments?post=240"}],"version-history":[{"count":16,"href":"http:\/\/turodeguiera.cat\/tifo\/wp-json\/wp\/v2\/posts\/240\/revisions"}],"predecessor-version":[{"id":362,"href":"http:\/\/turodeguiera.cat\/tifo\/wp-json\/wp\/v2\/posts\/240\/revisions\/362"}],"wp:attachment":[{"href":"http:\/\/turodeguiera.cat\/tifo\/wp-json\/wp\/v2\/media?parent=240"}],"wp:term":[{"taxonomy":"category","embeddable":true,"href":"http:\/\/turodeguiera.cat\/tifo\/wp-json\/wp\/v2\/categories?post=240"},{"taxonomy":"post_tag","embeddable":true,"href":"http:\/\/turodeguiera.cat\/tifo\/wp-json\/wp\/v2\/tags?post=240"}],"curies":[{"name":"wp","href":"https:\/\/api.w.org\/{rel}","templated":true}]}}