{"id":274,"date":"2013-04-10T18:57:32","date_gmt":"2013-04-10T17:57:32","guid":{"rendered":"http:\/\/ceipturodeguiera.xtec.cat\/tifo\/?p=274"},"modified":"2020-04-24T07:46:09","modified_gmt":"2020-04-24T06:46:09","slug":"llancadores-especials-selector-de-finestres-i-paperera","status":"publish","type":"post","link":"http:\/\/turodeguiera.cat\/tifo\/llancadores-especials-selector-de-finestres-i-paperera\/","title":{"rendered":"Llan\u00e7adores especials: selector de finestres i paperera"},"content":{"rendered":"<p>Hi una un parell d\u2019utilitats molt pr\u00e0ctiques que es recomanable tenir-les a l\u2019escriptori.<\/p>\n<h2>Selector de finestres<\/h2>\n<p style=\"padding-left: 30px;\">Aquesta utilitats desplega un men\u00fa amb totes les aplicacions que siguin actives al nostre ordinador, facilitant l&#8217;acc\u00e9s a qualsevol d&#8217;elles, despla\u00e7ant-nos fins a l&#8217;escriptori on es trobi l&#8217;aplicaci\u00f3 esmentada.<\/p>\n<h3>Afegir el selector de finestres<\/h3>\n<p style=\"padding-left: 30px;\">Premeu les tecles <em><strong>super + alt <\/strong><\/em>i simult\u00e0niament cliqueu amb el bot\u00f3 dret del ratol\u00ed sobre un espai lliure de la barra superior.<\/p>\n<p style=\"text-align: left; padding-left: 30px;\"><img loading=\"lazy\" class=\"size-full wp-image-253 aligncenter\" alt=\"tecles_01\" src=\"http:\/\/ceipturodeguiera.xtec.cat\/tifo\/wp-content\/uploads\/2013\/04\/tecles_01.jpg\" width=\"290\" height=\"172\" srcset=\"http:\/\/turodeguiera.cat\/tifo\/wp-content\/uploads\/2013\/04\/tecles_01.jpg 1998w, http:\/\/turodeguiera.cat\/tifo\/wp-content\/uploads\/2013\/04\/tecles_01-300x178.jpg 300w, http:\/\/turodeguiera.cat\/tifo\/wp-content\/uploads\/2013\/04\/tecles_01-1024x608.jpg 1024w\" sizes=\"(max-width: 290px) 100vw, 290px\" \/><\/p>\n<p style=\"text-align: left; padding-left: 30px;\">Es desplegar\u00e0 un men\u00fa, seleccioneu l&#8217;opci\u00f3 <em><strong>Afegeix al<\/strong><\/em><strong> quadre<\/strong><\/p>\n<p style=\"text-align: left; padding-left: 30px;\"><img loading=\"lazy\" class=\"size-full wp-image-275 aligncenter\" alt=\"llancadores3\" src=\"http:\/\/ceipturodeguiera.xtec.cat\/tifo\/wp-content\/uploads\/2013\/04\/llancadores3.png\" width=\"242\" height=\"138\" \/><\/p>\n<p style=\"text-align: left; padding-left: 30px;\">S&#8217;obrir\u00e0 la finestra <em><strong>Afegeix al<\/strong><\/em><strong> quadre<\/strong> amb desplaceu-vos fins al final de la finestra i cerqueu i seleccioneu l&#8217;opci\u00f3 <strong>Selector de finestres<\/strong>.<\/p>\n<p style=\"text-align: left; padding-left: 30px;\"><img loading=\"lazy\" class=\"size-full wp-image-276 aligncenter\" alt=\"llancadores4\" src=\"http:\/\/ceipturodeguiera.xtec.cat\/tifo\/wp-content\/uploads\/2013\/04\/llancadores4.png\" width=\"566\" height=\"514\" srcset=\"http:\/\/turodeguiera.cat\/tifo\/wp-content\/uploads\/2013\/04\/llancadores4.png 566w, http:\/\/turodeguiera.cat\/tifo\/wp-content\/uploads\/2013\/04\/llancadores4-300x272.png 300w\" sizes=\"(max-width: 566px) 100vw, 566px\" \/><\/p>\n<p style=\"text-align: left; padding-left: 30px;\">Premeu el bot\u00f3 <strong>afegeix<\/strong>. Si voleu situar aquesta icona en l&#8217;angle superior dret de la pantalla haureu de despla\u00e7ar-la fins aquest lloc, tal com s&#8217;explica en l&#8217;article<a title=\"Llan\u00e7adores de la barra superior\" href=\"http:\/\/ceipturodeguiera.xtec.cat\/tifo\/?p=246\"> <strong>Llan\u00e7adores de la barra superior<\/strong><\/a><\/p>\n<p style=\"padding-left: 30px; text-align: center;\"><img loading=\"lazy\" class=\"size-full wp-image-277\" alt=\"llancadores5\" src=\"http:\/\/ceipturodeguiera.xtec.cat\/tifo\/wp-content\/uploads\/2013\/04\/llancadores5.png\" width=\"474\" height=\"315\" srcset=\"http:\/\/turodeguiera.cat\/tifo\/wp-content\/uploads\/2013\/04\/llancadores5.png 474w, http:\/\/turodeguiera.cat\/tifo\/wp-content\/uploads\/2013\/04\/llancadores5-300x199.png 300w\" sizes=\"(max-width: 474px) 100vw, 474px\" \/><\/p>\n<h3>Afegir el selector de finestres<\/h3>\n<p>Una altra utilitat que es pot incorporar al nostre escriptori \u00e9s la paperera, aquesta manera de posar la icona de la paperera te l&#8217;avantatge de que queda molt petita en un rac\u00f3 de la pantalla sense ocupar gaire espai a l&#8217;escriptori.<\/p>\n<p>La operaci\u00f3 per posar aquesta icona a la barra inferior \u00e9s similar a la que hem seguit per posar el selector de finestres a la barra superior.<\/p>\n<p><img loading=\"lazy\" class=\"size-full wp-image-278 aligncenter\" alt=\"llancadores6\" src=\"http:\/\/ceipturodeguiera.xtec.cat\/tifo\/wp-content\/uploads\/2013\/04\/llancadores6.png\" width=\"183\" height=\"88\" \/><\/p>\n<p>&nbsp;<\/p>\n","protected":false},"excerpt":{"rendered":"<p>Hi una un parell d\u2019utilitats molt pr\u00e0ctiques que es recomanable tenir-les a l\u2019escriptori. Selector de finestres Aquesta utilitats desplega un men\u00fa amb totes les aplicacions que siguin actives al nostre ordinador, facilitant l&#8217;acc\u00e9s a qualsevol d&#8217;elles, despla\u00e7ant-nos fins a l&#8217;escriptori<\/p>\n","protected":false},"author":2,"featured_media":0,"comment_status":"closed","ping_status":"closed","sticky":false,"template":"","format":"standard","meta":{"ngg_post_thumbnail":0},"categories":[16],"tags":[],"_links":{"self":[{"href":"http:\/\/turodeguiera.cat\/tifo\/wp-json\/wp\/v2\/posts\/274"}],"collection":[{"href":"http:\/\/turodeguiera.cat\/tifo\/wp-json\/wp\/v2\/posts"}],"about":[{"href":"http:\/\/turodeguiera.cat\/tifo\/wp-json\/wp\/v2\/types\/post"}],"author":[{"embeddable":true,"href":"http:\/\/turodeguiera.cat\/tifo\/wp-json\/wp\/v2\/users\/2"}],"replies":[{"embeddable":true,"href":"http:\/\/turodeguiera.cat\/tifo\/wp-json\/wp\/v2\/comments?post=274"}],"version-history":[{"count":3,"href":"http:\/\/turodeguiera.cat\/tifo\/wp-json\/wp\/v2\/posts\/274\/revisions"}],"predecessor-version":[{"id":281,"href":"http:\/\/turodeguiera.cat\/tifo\/wp-json\/wp\/v2\/posts\/274\/revisions\/281"}],"wp:attachment":[{"href":"http:\/\/turodeguiera.cat\/tifo\/wp-json\/wp\/v2\/media?parent=274"}],"wp:term":[{"taxonomy":"category","embeddable":true,"href":"http:\/\/turodeguiera.cat\/tifo\/wp-json\/wp\/v2\/categories?post=274"},{"taxonomy":"post_tag","embeddable":true,"href":"http:\/\/turodeguiera.cat\/tifo\/wp-json\/wp\/v2\/tags?post=274"}],"curies":[{"name":"wp","href":"https:\/\/api.w.org\/{rel}","templated":true}]}}