{"id":507,"date":"2014-05-19T10:56:50","date_gmt":"2014-05-19T09:56:50","guid":{"rendered":"http:\/\/turodeguiera.cat\/tifo\/?p=507"},"modified":"2020-04-24T07:45:50","modified_gmt":"2020-04-24T06:45:50","slug":"tot-el-que-cal-saber-per-publicar-als-blocs","status":"publish","type":"post","link":"http:\/\/turodeguiera.cat\/tifo\/tot-el-que-cal-saber-per-publicar-als-blocs\/","title":{"rendered":"Tot el que cal saber per publicar als Blocs"},"content":{"rendered":"<h3>Al llarg de les diferents sessions hem vist diferents temes relacionats amb la publicaci\u00f3 i \u00fas dels blocs d&#8217;aula:<\/h3>\n<ul>\n<li>\n<h4><span style=\"color: #0000ff;\">Inserir una entrada:<br \/>\n<\/span><\/h4>\n<ul>\n<li><span style=\"color: #ff6600;\">T\u00edtol<\/span><\/li>\n<li><span style=\"color: #ff6600;\">Contingut<\/span><\/li>\n<li><span style=\"color: #ff6600;\">Categoria<\/span><\/li>\n<li><span style=\"color: #ff6600;\">Imatges<\/span>\n<ul>\n<li><span style=\"color: #ff6600;\">Inserci\u00f3 d&#8217;una imatge<\/span><\/li>\n<li><span style=\"color: #ff6600;\">Ajust de la imatge amb el text<\/span><\/li>\n<\/ul>\n<\/li>\n<li><span style=\"color: #ff6600;\">V\u00eddeos<\/span><\/li>\n<\/ul>\n<\/li>\n<\/ul>\n<p>&nbsp;<\/p>\n<ul>\n<li>\n<h4><span style=\"color: #0000ff;\">Desar una entrada:<\/span><\/h4>\n<ul>\n<li><span style=\"color: #ff6600;\">Esborrany<\/span><\/li>\n<li><span style=\"color: #ff6600;\">Pendent de revisi\u00f3<\/span><\/li>\n<li><span style=\"color: #ff6600;\">Publicada<\/span><\/li>\n<\/ul>\n<\/li>\n<\/ul>\n<p>&nbsp;<\/p>\n<ul>\n<li>\n<h4><span style=\"color: #0000ff;\">Usuaris:<\/span><\/h4>\n<ul>\n<li><span style=\"color: #ff6600;\">Perfil<\/span><\/li>\n<li><span style=\"color: #ff6600;\">Creaci\u00f3 d&#8217;usuaris<\/span><\/li>\n<\/ul>\n<\/li>\n<\/ul>\n<p>&nbsp;<\/p>\n","protected":false},"excerpt":{"rendered":"<p>Al llarg de les diferents sessions hem vist diferents temes relacionats amb la publicaci\u00f3 i \u00fas dels blocs d&#8217;aula: Inserir una entrada: T\u00edtol Contingut Categoria Imatges Inserci\u00f3 d&#8217;una imatge Ajust de la imatge amb el text V\u00eddeos &nbsp; Desar una<\/p>\n","protected":false},"author":2,"featured_media":0,"comment_status":"closed","ping_status":"closed","sticky":false,"template":"","format":"standard","meta":{"ngg_post_thumbnail":0},"categories":[25],"tags":[],"_links":{"self":[{"href":"http:\/\/turodeguiera.cat\/tifo\/wp-json\/wp\/v2\/posts\/507"}],"collection":[{"href":"http:\/\/turodeguiera.cat\/tifo\/wp-json\/wp\/v2\/posts"}],"about":[{"href":"http:\/\/turodeguiera.cat\/tifo\/wp-json\/wp\/v2\/types\/post"}],"author":[{"embeddable":true,"href":"http:\/\/turodeguiera.cat\/tifo\/wp-json\/wp\/v2\/users\/2"}],"replies":[{"embeddable":true,"href":"http:\/\/turodeguiera.cat\/tifo\/wp-json\/wp\/v2\/comments?post=507"}],"version-history":[{"count":3,"href":"http:\/\/turodeguiera.cat\/tifo\/wp-json\/wp\/v2\/posts\/507\/revisions"}],"predecessor-version":[{"id":512,"href":"http:\/\/turodeguiera.cat\/tifo\/wp-json\/wp\/v2\/posts\/507\/revisions\/512"}],"wp:attachment":[{"href":"http:\/\/turodeguiera.cat\/tifo\/wp-json\/wp\/v2\/media?parent=507"}],"wp:term":[{"taxonomy":"category","embeddable":true,"href":"http:\/\/turodeguiera.cat\/tifo\/wp-json\/wp\/v2\/categories?post=507"},{"taxonomy":"post_tag","embeddable":true,"href":"http:\/\/turodeguiera.cat\/tifo\/wp-json\/wp\/v2\/tags?post=507"}],"curies":[{"name":"wp","href":"https:\/\/api.w.org\/{rel}","templated":true}]}}