{"id":96,"date":"2013-01-16T18:59:44","date_gmt":"2013-01-16T17:59:44","guid":{"rendered":"http:\/\/ceipturodeguiera.xtec.cat\/tifo\/?p=96"},"modified":"2020-04-24T07:46:09","modified_gmt":"2020-04-24T06:46:09","slug":"la-carpeta-personal-a-lordinador-de-lescola","status":"publish","type":"post","link":"http:\/\/turodeguiera.cat\/tifo\/la-carpeta-personal-a-lordinador-de-lescola\/","title":{"rendered":"La carpeta personal a l&#8217;ordinador de l&#8217;escola"},"content":{"rendered":"<h2>Qu\u00e8 \u00e9s aix\u00f2 de la carpeta personal?<\/h2>\n<p>Cadascun dels usuaris del sistema inform\u00e0tic de l&#8217;escola, disposa d&#8217;una <strong>carpeta personal<\/strong>.<\/p>\n<h2>Qu\u00e8 \u00e9s guarda a la carpeta personal?<\/h2>\n<p>A la carpeta personal es guarden els documents de l&#8217;usuari i la configuraci\u00f3 dels seus programes, de la interf\u00edcie, enlla\u00e7os, &#8230;<\/p>\n<h2>Qui pot veure la meva carpeta personal?<\/h2>\n<p>La carpeta personal \u00fanicament \u00e9s accessible per al propi usuari.<\/p>\n<blockquote><p>Els documents d&#8217;\u00fas com\u00fa o que puguin interessar a altres membres del claustre s&#8217;han de desar a la l&#8217;espai del professorat (<strong>P<\/strong>).<\/p><\/blockquote>\n<h2>Com puc accedir a la carpeta personal?<\/h2>\n<p>Fi ha diferents maneres d&#8217;accedir al contingut de la carpeta personal. Una \u00e9s fer servir l&#8217;enlla\u00e7 que es troba a l&#8217;escriptori al men\u00fa <strong>Llocs | Carpeta Personal<\/strong>.<\/p>\n<p><img loading=\"lazy\" class=\"aligncenter size-full wp-image-97\" alt=\"accesalacarpetapersonal\" src=\"http:\/\/ceipturodeguiera.xtec.cat\/tifo\/wp-content\/uploads\/2013\/01\/accesalacarpetapersonal.png\" width=\"510\" height=\"100\" srcset=\"http:\/\/turodeguiera.cat\/tifo\/wp-content\/uploads\/2013\/01\/accesalacarpetapersonal.png 507w, http:\/\/turodeguiera.cat\/tifo\/wp-content\/uploads\/2013\/01\/accesalacarpetapersonal-300x59.png 300w\" sizes=\"(max-width: 510px) 100vw, 510px\" \/><\/p>\n<p>Una altra manera d&#8217;accedir \u00e9s des de les finestres per desar i obrir arxius.<\/p>\n<p style=\"text-align: center;\"><img loading=\"lazy\" class=\"aligncenter  wp-image-99\" alt=\"accesalacarpetapersonal2\" src=\"http:\/\/ceipturodeguiera.xtec.cat\/tifo\/wp-content\/uploads\/2013\/01\/accesalacarpetapersonal2.png\" width=\"510\" height=\"424\" \/><\/p>\n<h2>Quina mida te la meva carpeta personal?<\/h2>\n<p>La carpeta personal disposar\u00e0 de 5GB de disc dur al servidor.<\/p>\n<h2>On haig de desar els documents? a la carpeta personal o a l&#8217;espai de professorat <strong>P<\/strong>?<\/h2>\n<p>A la carpeta personal es desen els documents <strong>privats<\/strong> d&#8217;un usuari.<\/p>\n<p>Per un treball col\u00b7laboratiu i d&#8217;equip entre tots els mestres que treballem a l&#8217;escola, caldr\u00e0 entendre que es bo desar a l&#8217;espai <strong>P<\/strong> del professorat aquells materials que puguin ser d&#8217;inter\u00e8s per altres companys i companyes.<\/p>\n<p>Aquesta mesura tindr\u00e0 diferents beneficis per a tot l&#8217;equip de mestres:<\/p>\n<ul>\n<li>Compartirem les nostres cerques amb altres companys i companyes, afavorint el treball en equip.<\/li>\n<li>Podrem fomentar l&#8217;intercanvi d&#8217;experi\u00e8ncies professionals entre nosaltres, el que sens dubta ser\u00e0 gratificant a tots els nivells, professional i personalment.<\/li>\n<li>Rendibilitzarem el treball que hem fet.<\/li>\n<li>Evitarem la repetici\u00f3 innecess\u00e0ria de materials al disc dur de la xarxa<\/li>\n<\/ul>\n<blockquote><p>Per exemple: si el professorat d&#8217;un cicle, t\u00e9 cadascun un v\u00eddeo interessant a la seva carpeta personal, vol dir que el v\u00eddeo estar\u00e0 5 o 6 vegades duplicat al disc dur, quan amb una que estigu\u00e9s compartida hi hauria prou.<\/p><\/blockquote>\n<h2>Quina estructura de carpetes hi ha a la carpeta personal?<\/h2>\n<p><img class=\"aligncenter size-full wp-image-104\" alt=\"estructuracarpetapersonal\" src=\"http:\/\/ceipturodeguiera.xtec.cat\/tifo\/wp-content\/uploads\/2013\/01\/estructuracarpetapersonal.png\" width=\"510\" srcset=\"http:\/\/turodeguiera.cat\/tifo\/wp-content\/uploads\/2013\/01\/estructuracarpetapersonal.png 666w, http:\/\/turodeguiera.cat\/tifo\/wp-content\/uploads\/2013\/01\/estructuracarpetapersonal-300x159.png 300w\" sizes=\"(max-width: 666px) 100vw, 666px\" \/><\/p>\n<p>A la carpeta personal es poden trobar carpetes per:<\/p>\n<ul>\n<li>Desc\u00e0rregues d&#8217;internet<\/li>\n<li>Escriptori, amb els arxius, carpetes i enlla\u00e7os que hi hem desat.<\/li>\n<li>Imatges, per desar les fotografies i altres materials gr\u00e0fics.<\/li>\n<li>M\u00fasica<\/li>\n<li>V\u00eddeos<\/li>\n<li>PDF, carpeta on s&#8217;enregistren els arxius i documents PDF quan els imprimint, amb un programa.<\/li>\n<\/ul>\n<blockquote><p>Si alguna vegada veieu un munt de carpetes i arxius amb un punt al davant, (per exemple <strong>.mozilla<\/strong>) no els elimineu, s\u00f3n les carpetes i arxiu que contenen la vostra configuraci\u00f3.<\/p><\/blockquote>\n","protected":false},"excerpt":{"rendered":"<p>Qu\u00e8 \u00e9s aix\u00f2 de la carpeta personal? Cadascun dels usuaris del sistema inform\u00e0tic de l&#8217;escola, disposa d&#8217;una carpeta personal. Qu\u00e8 \u00e9s guarda a la carpeta personal? A la carpeta personal es guarden els documents de l&#8217;usuari i la configuraci\u00f3 dels<\/p>\n","protected":false},"author":2,"featured_media":0,"comment_status":"closed","ping_status":"closed","sticky":false,"template":"","format":"standard","meta":{"ngg_post_thumbnail":0},"categories":[16],"tags":[],"_links":{"self":[{"href":"http:\/\/turodeguiera.cat\/tifo\/wp-json\/wp\/v2\/posts\/96"}],"collection":[{"href":"http:\/\/turodeguiera.cat\/tifo\/wp-json\/wp\/v2\/posts"}],"about":[{"href":"http:\/\/turodeguiera.cat\/tifo\/wp-json\/wp\/v2\/types\/post"}],"author":[{"embeddable":true,"href":"http:\/\/turodeguiera.cat\/tifo\/wp-json\/wp\/v2\/users\/2"}],"replies":[{"embeddable":true,"href":"http:\/\/turodeguiera.cat\/tifo\/wp-json\/wp\/v2\/comments?post=96"}],"version-history":[{"count":14,"href":"http:\/\/turodeguiera.cat\/tifo\/wp-json\/wp\/v2\/posts\/96\/revisions"}],"predecessor-version":[{"id":202,"href":"http:\/\/turodeguiera.cat\/tifo\/wp-json\/wp\/v2\/posts\/96\/revisions\/202"}],"wp:attachment":[{"href":"http:\/\/turodeguiera.cat\/tifo\/wp-json\/wp\/v2\/media?parent=96"}],"wp:term":[{"taxonomy":"category","embeddable":true,"href":"http:\/\/turodeguiera.cat\/tifo\/wp-json\/wp\/v2\/categories?post=96"},{"taxonomy":"post_tag","embeddable":true,"href":"http:\/\/turodeguiera.cat\/tifo\/wp-json\/wp\/v2\/tags?post=96"}],"curies":[{"name":"wp","href":"https:\/\/api.w.org\/{rel}","templated":true}]}}